
{"id":70939,"date":"2018-03-17T20:24:15","date_gmt":"2018-03-17T23:24:15","guid":{"rendered":"http:\/\/www.sudoestehoje.com.br\/novoportal\/?p=70939"},"modified":"2018-03-17T20:24:15","modified_gmt":"2018-03-17T23:24:15","slug":"temer-decide-disputar-reeleicao-e-avisa-aliados-que-defendera-legado","status":"publish","type":"post","link":"https:\/\/www.sudoestehoje.com.br\/novoportal\/2018\/03\/17\/temer-decide-disputar-reeleicao-e-avisa-aliados-que-defendera-legado\/","title":{"rendered":"TEMER DECIDE DISPUTAR REELEI\u00c7\u00c3O E AVISA ALIADOS QUE DEFENDER\u00c1 LEGADO"},"content":{"rendered":"<p><a href=\"http:\/\/www.sudoestehoje.com.br\/novoportal\/wp-content\/uploads\/2018\/03\/TEMER-CANDIDATO.jpg\"><img loading=\"lazy\" decoding=\"async\" class=\"aligncenter size-medium wp-image-70940\" src=\"http:\/\/www.sudoestehoje.com.br\/novoportal\/wp-content\/uploads\/2018\/03\/TEMER-CANDIDATO-500x281.jpg\" alt=\"\" width=\"500\" height=\"281\" srcset=\"https:\/\/www.sudoestehoje.com.br\/novoportal\/wp-content\/uploads\/2018\/03\/TEMER-CANDIDATO-500x281.jpg 500w, https:\/\/www.sudoestehoje.com.br\/novoportal\/wp-content\/uploads\/2018\/03\/TEMER-CANDIDATO-768x431.jpg 768w, https:\/\/www.sudoestehoje.com.br\/novoportal\/wp-content\/uploads\/2018\/03\/TEMER-CANDIDATO-700x393.jpg 700w, https:\/\/www.sudoestehoje.com.br\/novoportal\/wp-content\/uploads\/2018\/03\/TEMER-CANDIDATO.jpg 890w\" sizes=\"auto, (max-width: 500px) 100vw, 500px\" \/><\/a><\/p>\n<p>As circunst\u00e2ncias pol\u00edticas podem at\u00e9 fazer o presidente Michel Temer mudar de ideia. Mas, hoje, sua disposi\u00e7\u00e3o \u00e9 de ser, sim, candidato \u00e0 reelei\u00e7\u00e3o. Segundo o BR18, Do Estad\u00e3o, Temer j\u00e1 comunicou a v\u00e1rios interlocutores diretos e come\u00e7ou a discutir como far\u00e1 esse movimento.<\/p>\n<p>O presidente n\u00e3o quer apenas defender o que considera legado de seu governo, tirando a economia da UTI. Ele quer proteger tamb\u00e9m sua reputa\u00e7\u00e3o. Em vez de esperar que aliados o protejam, decidiu ele mesmo rebater as acusa\u00e7\u00f5es e cr\u00edticas que tem recebido e considera injustas.<\/p>\n<p>Ainda segundo a publica\u00e7\u00e3o, Temer vai assumir sua pr\u00f3pria defesa p\u00fablica.<\/p>\n","protected":false},"excerpt":{"rendered":"<p>As circunst\u00e2ncias pol\u00edticas podem at\u00e9 fazer o presidente Michel Temer mudar de ideia. Mas, hoje, sua disposi\u00e7\u00e3o \u00e9 de ser, sim, candidato \u00e0 reelei\u00e7\u00e3o. Segundo o BR18, Do Estad\u00e3o, Temer j\u00e1 comunicou a v\u00e1rios interlocutores diretos e come\u00e7ou a discutir como far\u00e1 esse movimento. O presidente n\u00e3o quer apenas defender o que considera legado de [&hellip;]<\/p>\n","protected":false},"author":2,"featured_media":70940,"comment_status":"open","ping_status":"open","sticky":false,"template":"","format":"standard","meta":{"footnotes":"","_links_to":"","_links_to_target":""},"categories":[1],"tags":[],"class_list":["post-70939","post","type-post","status-publish","format-standard","has-post-thumbnail","hentry","category-geral"],"views":1017,"_links":{"self":[{"href":"https:\/\/www.sudoestehoje.com.br\/novoportal\/wp-json\/wp\/v2\/posts\/70939","targetHints":{"allow":["GET"]}}],"collection":[{"href":"https:\/\/www.sudoestehoje.com.br\/novoportal\/wp-json\/wp\/v2\/posts"}],"about":[{"href":"https:\/\/www.sudoestehoje.com.br\/novoportal\/wp-json\/wp\/v2\/types\/post"}],"author":[{"embeddable":true,"href":"https:\/\/www.sudoestehoje.com.br\/novoportal\/wp-json\/wp\/v2\/users\/2"}],"replies":[{"embeddable":true,"href":"https:\/\/www.sudoestehoje.com.br\/novoportal\/wp-json\/wp\/v2\/comments?post=70939"}],"version-history":[{"count":1,"href":"https:\/\/www.sudoestehoje.com.br\/novoportal\/wp-json\/wp\/v2\/posts\/70939\/revisions"}],"predecessor-version":[{"id":70941,"href":"https:\/\/www.sudoestehoje.com.br\/novoportal\/wp-json\/wp\/v2\/posts\/70939\/revisions\/70941"}],"wp:featuredmedia":[{"embeddable":true,"href":"https:\/\/www.sudoestehoje.com.br\/novoportal\/wp-json\/wp\/v2\/media\/70940"}],"wp:attachment":[{"href":"https:\/\/www.sudoestehoje.com.br\/novoportal\/wp-json\/wp\/v2\/media?parent=70939"}],"wp:term":[{"taxonomy":"category","embeddable":true,"href":"https:\/\/www.sudoestehoje.com.br\/novoportal\/wp-json\/wp\/v2\/categories?post=70939"},{"taxonomy":"post_tag","embeddable":true,"href":"https:\/\/www.sudoestehoje.com.br\/novoportal\/wp-json\/wp\/v2\/tags?post=70939"}],"curies":[{"name":"wp","href":"https:\/\/api.w.org\/{rel}","templated":true}]}}