
{"id":70936,"date":"2018-03-17T20:08:29","date_gmt":"2018-03-17T23:08:29","guid":{"rendered":"http:\/\/www.sudoestehoje.com.br\/novoportal\/?p=70936"},"modified":"2018-03-17T20:08:29","modified_gmt":"2018-03-17T23:08:29","slug":"neto-afirma-que-tomara-decisao-sobre-sua-candidatura-neste-fim-de-semana","status":"publish","type":"post","link":"https:\/\/www.sudoestehoje.com.br\/novoportal\/2018\/03\/17\/neto-afirma-que-tomara-decisao-sobre-sua-candidatura-neste-fim-de-semana\/","title":{"rendered":"NETO AFIRMA QUE TOMAR\u00c1 DECIS\u00c3O SOBRE SUA CANDIDATURA NESTE FIM DE SEMANA"},"content":{"rendered":"<p><a href=\"http:\/\/www.sudoestehoje.com.br\/novoportal\/wp-content\/uploads\/2018\/03\/NETO.jpg\"><img loading=\"lazy\" decoding=\"async\" class=\"aligncenter size-medium wp-image-70937\" src=\"http:\/\/www.sudoestehoje.com.br\/novoportal\/wp-content\/uploads\/2018\/03\/NETO-500x265.jpg\" alt=\"\" width=\"500\" height=\"265\" srcset=\"https:\/\/www.sudoestehoje.com.br\/novoportal\/wp-content\/uploads\/2018\/03\/NETO-500x265.jpg 500w, https:\/\/www.sudoestehoje.com.br\/novoportal\/wp-content\/uploads\/2018\/03\/NETO-768x407.jpg 768w, https:\/\/www.sudoestehoje.com.br\/novoportal\/wp-content\/uploads\/2018\/03\/NETO-700x371.jpg 700w, https:\/\/www.sudoestehoje.com.br\/novoportal\/wp-content\/uploads\/2018\/03\/NETO.jpg 1000w\" sizes=\"auto, (max-width: 500px) 100vw, 500px\" \/><\/a><\/p>\n<p>O prefeito de Salvador, ACM Neto (DEM), afirmou hoje (16) \u00e0 imprensa que sua decis\u00e3o sobre ser candidato ou n\u00e3o ao governo do estado sair\u00e1 neste fim de semana. \u201cDiria a voc\u00eas que todo meu processo de conversas se conclui esse final de semana. Teremos uma decis\u00e3o, mas o an\u00fancio s\u00f3 dia 7 de abril\u201d, afirmou.<\/p>\n<p>Neto negou, mais uma vez, que tenha articulado apoio do PP e PR ao grupo dele na Bahia. De acordo com ele, \u201calguns partidos\u201d aproveitam o momento da montagem de chapas para \u201caumentar o seu peso pol\u00edtico\u201d. \u201c\u00c0s vezes a gente v\u00ea que um partido ou outro quer aproveita as especula\u00e7\u00f5es para aumentar seu peso pol\u00edtico, n\u00e3o \u00e9 o caso do PP e do PR\u201d, afirmou.<\/p>\n","protected":false},"excerpt":{"rendered":"<p>O prefeito de Salvador, ACM Neto (DEM), afirmou hoje (16) \u00e0 imprensa que sua decis\u00e3o sobre ser candidato ou n\u00e3o ao governo do estado sair\u00e1 neste fim de semana. \u201cDiria a voc\u00eas que todo meu processo de conversas se conclui esse final de semana. Teremos uma decis\u00e3o, mas o an\u00fancio s\u00f3 dia 7 de abril\u201d, [&hellip;]<\/p>\n","protected":false},"author":2,"featured_media":70937,"comment_status":"open","ping_status":"open","sticky":false,"template":"","format":"standard","meta":{"footnotes":"","_links_to":"","_links_to_target":""},"categories":[1],"tags":[],"class_list":["post-70936","post","type-post","status-publish","format-standard","has-post-thumbnail","hentry","category-geral"],"views":991,"_links":{"self":[{"href":"https:\/\/www.sudoestehoje.com.br\/novoportal\/wp-json\/wp\/v2\/posts\/70936","targetHints":{"allow":["GET"]}}],"collection":[{"href":"https:\/\/www.sudoestehoje.com.br\/novoportal\/wp-json\/wp\/v2\/posts"}],"about":[{"href":"https:\/\/www.sudoestehoje.com.br\/novoportal\/wp-json\/wp\/v2\/types\/post"}],"author":[{"embeddable":true,"href":"https:\/\/www.sudoestehoje.com.br\/novoportal\/wp-json\/wp\/v2\/users\/2"}],"replies":[{"embeddable":true,"href":"https:\/\/www.sudoestehoje.com.br\/novoportal\/wp-json\/wp\/v2\/comments?post=70936"}],"version-history":[{"count":1,"href":"https:\/\/www.sudoestehoje.com.br\/novoportal\/wp-json\/wp\/v2\/posts\/70936\/revisions"}],"predecessor-version":[{"id":70938,"href":"https:\/\/www.sudoestehoje.com.br\/novoportal\/wp-json\/wp\/v2\/posts\/70936\/revisions\/70938"}],"wp:featuredmedia":[{"embeddable":true,"href":"https:\/\/www.sudoestehoje.com.br\/novoportal\/wp-json\/wp\/v2\/media\/70937"}],"wp:attachment":[{"href":"https:\/\/www.sudoestehoje.com.br\/novoportal\/wp-json\/wp\/v2\/media?parent=70936"}],"wp:term":[{"taxonomy":"category","embeddable":true,"href":"https:\/\/www.sudoestehoje.com.br\/novoportal\/wp-json\/wp\/v2\/categories?post=70936"},{"taxonomy":"post_tag","embeddable":true,"href":"https:\/\/www.sudoestehoje.com.br\/novoportal\/wp-json\/wp\/v2\/tags?post=70936"}],"curies":[{"name":"wp","href":"https:\/\/api.w.org\/{rel}","templated":true}]}}