
{"id":70930,"date":"2018-04-03T18:00:02","date_gmt":"2018-04-03T21:00:02","guid":{"rendered":"http:\/\/www.sudoestehoje.com.br\/novoportal\/?p=70930"},"modified":"2018-04-03T18:42:51","modified_gmt":"2018-04-03T21:42:51","slug":"itapetinga-colegio-oficina-convida-pais-professores-e-interessados-em-educacao-para-um-bate-papo-nesta-quarta-feira","status":"publish","type":"post","link":"https:\/\/www.sudoestehoje.com.br\/novoportal\/2018\/04\/03\/itapetinga-colegio-oficina-convida-pais-professores-e-interessados-em-educacao-para-um-bate-papo-nesta-quarta-feira\/","title":{"rendered":"ITAPETINGA: COL\u00c9GIO OFICINA REFOR\u00c7A CONVITE PARA BATE-PAPO SOBRE EDUCA\u00c7\u00c3O COM PAIS E PROFESSORES NESTA QUARTA, 4 DE ABRIL"},"content":{"rendered":"<p><a href=\"http:\/\/www.sudoestehoje.com.br\/novoportal\/wp-content\/uploads\/2018\/03\/oficicina_interior2-1.jpg\"><img loading=\"lazy\" decoding=\"async\" class=\"aligncenter size-medium wp-image-70932\" src=\"http:\/\/www.sudoestehoje.com.br\/novoportal\/wp-content\/uploads\/2018\/03\/oficicina_interior2-1-500x350.jpg\" alt=\"\" width=\"500\" height=\"350\" \/><\/a><\/p>\n<p>Um projeto completo de educa\u00e7\u00e3o, pronto para formar gera\u00e7\u00f5es. \u00c9 com esse mote que o Col\u00e9gio Oficina, de Vit\u00f3ria da Conquista, visita Itapetinga para um bate-papo com pais, professores, coordenadores e outros convidados interessados em educa\u00e7\u00e3o.<\/p>\n<p>A visita, que \u00e9 a primeira de 2018 em cidades da Bahia, dando seguimento a uma a\u00e7\u00e3o que contemplou outras localidades no ano passado, vai acontecer com um coffee break na Loja Ma\u00e7\u00f4nica Amor e Uni\u00e3o Itapetiguense (P\u00e7a. Dairy Valley, 128), \u00e0s 19h, amanh\u00e3, quarta-feira 04, e visa discutir o papel de educar crian\u00e7as e adolescentes de maneira s\u00e9ria e comprometida com o desenvolvimento acad\u00eamico, intelectual e comportamental dos alunos para a forma\u00e7\u00e3o de cidad\u00e3os respons\u00e1veis e participativos, cr\u00edticos e criativos.<\/p>\n<p>O Oficina, que tem 10 anos de trajet\u00f3ria em Vit\u00f3ria da Conquista e duas d\u00e9cadas em Salvador, vai ser representado, na ocasi\u00e3o, por seus diretores pedag\u00f3gico e administrativo que, al\u00e9m de discutirem os desafios da educa\u00e7\u00e3o, v\u00e3o falar sobre os projetos pedag\u00f3gicos do col\u00e9gio, a metodologia adotada, o modelo de forma\u00e7\u00e3o continuada da equipe de professores e t\u00e9cnicos, as parcerias com marcas nacionais do setor de educa\u00e7\u00e3o, a estrutura da escola e os excelentes resultados de aprova\u00e7\u00e3o no Enem e exames vestibulares em 2017.<\/p>\n<p>A ideia \u00e9 reafirmar os la\u00e7os com pais de Itapetinga que t\u00eam seus filhos j\u00e1 matriculados na escola e estreitar a parceria com as escolas locais.<\/p>\n<p>Para saber mais sobre o Col\u00e9gio Oficina, acesse:<\/p>\n<p><a href=\"http:\/\/oficina\">www.colegiooficinavc.com.br facebook.com\/colegiooficina \u2013 vit\u00f3ria da conquista [oficial] instagram.com\/oficina_vc<\/a><\/p>\n","protected":false},"excerpt":{"rendered":"<p>Um projeto completo de educa\u00e7\u00e3o, pronto para formar gera\u00e7\u00f5es. \u00c9 com esse mote que o Col\u00e9gio Oficina, de Vit\u00f3ria da Conquista, visita Itapetinga para um bate-papo com pais, professores, coordenadores e outros convidados interessados em educa\u00e7\u00e3o. A visita, que \u00e9 a primeira de 2018 em cidades da Bahia, dando seguimento a uma a\u00e7\u00e3o que contemplou [&hellip;]<\/p>\n","protected":false},"author":2,"featured_media":70932,"comment_status":"open","ping_status":"open","sticky":false,"template":"","format":"standard","meta":{"footnotes":"","_links_to":"","_links_to_target":""},"categories":[1],"tags":[],"class_list":["post-70930","post","type-post","status-publish","format-standard","has-post-thumbnail","hentry","category-geral"],"views":218,"_links":{"self":[{"href":"https:\/\/www.sudoestehoje.com.br\/novoportal\/wp-json\/wp\/v2\/posts\/70930","targetHints":{"allow":["GET"]}}],"collection":[{"href":"https:\/\/www.sudoestehoje.com.br\/novoportal\/wp-json\/wp\/v2\/posts"}],"about":[{"href":"https:\/\/www.sudoestehoje.com.br\/novoportal\/wp-json\/wp\/v2\/types\/post"}],"author":[{"embeddable":true,"href":"https:\/\/www.sudoestehoje.com.br\/novoportal\/wp-json\/wp\/v2\/users\/2"}],"replies":[{"embeddable":true,"href":"https:\/\/www.sudoestehoje.com.br\/novoportal\/wp-json\/wp\/v2\/comments?post=70930"}],"version-history":[{"count":8,"href":"https:\/\/www.sudoestehoje.com.br\/novoportal\/wp-json\/wp\/v2\/posts\/70930\/revisions"}],"predecessor-version":[{"id":71272,"href":"https:\/\/www.sudoestehoje.com.br\/novoportal\/wp-json\/wp\/v2\/posts\/70930\/revisions\/71272"}],"wp:featuredmedia":[{"embeddable":true,"href":"https:\/\/www.sudoestehoje.com.br\/novoportal\/wp-json\/wp\/v2\/media\/70932"}],"wp:attachment":[{"href":"https:\/\/www.sudoestehoje.com.br\/novoportal\/wp-json\/wp\/v2\/media?parent=70930"}],"wp:term":[{"taxonomy":"category","embeddable":true,"href":"https:\/\/www.sudoestehoje.com.br\/novoportal\/wp-json\/wp\/v2\/categories?post=70930"},{"taxonomy":"post_tag","embeddable":true,"href":"https:\/\/www.sudoestehoje.com.br\/novoportal\/wp-json\/wp\/v2\/tags?post=70930"}],"curies":[{"name":"wp","href":"https:\/\/api.w.org\/{rel}","templated":true}]}}