
{"id":70926,"date":"2018-03-16T22:15:40","date_gmt":"2018-03-17T01:15:40","guid":{"rendered":"http:\/\/www.sudoestehoje.com.br\/novoportal\/?p=70926"},"modified":"2018-03-16T22:15:40","modified_gmt":"2018-03-17T01:15:40","slug":"justica-fim-da-prisao-de-2a-instancia-seria-retrocesso-de-50-anos-diz-carmen-lucia","status":"publish","type":"post","link":"https:\/\/www.sudoestehoje.com.br\/novoportal\/2018\/03\/16\/justica-fim-da-prisao-de-2a-instancia-seria-retrocesso-de-50-anos-diz-carmen-lucia\/","title":{"rendered":"JUSTI\u00c7A: FIM DA PRIS\u00c3O DE 2\u00aa INST\u00c2NCIA SERIA RETROCESSO DE 50 ANOS, DIZ C\u00c1RMEN L\u00daCIA"},"content":{"rendered":"<p><a href=\"http:\/\/www.sudoestehoje.com.br\/novoportal\/wp-content\/uploads\/2018\/03\/min-carmen-lucia-by-carlos-humberto_stf.jpg\"><img loading=\"lazy\" decoding=\"async\" class=\"aligncenter size-medium wp-image-70927\" src=\"http:\/\/www.sudoestehoje.com.br\/novoportal\/wp-content\/uploads\/2018\/03\/min-carmen-lucia-by-carlos-humberto_stf-500x300.jpg\" alt=\"\" width=\"500\" height=\"300\" srcset=\"https:\/\/www.sudoestehoje.com.br\/novoportal\/wp-content\/uploads\/2018\/03\/min-carmen-lucia-by-carlos-humberto_stf-500x300.jpg 500w, https:\/\/www.sudoestehoje.com.br\/novoportal\/wp-content\/uploads\/2018\/03\/min-carmen-lucia-by-carlos-humberto_stf-768x461.jpg 768w, https:\/\/www.sudoestehoje.com.br\/novoportal\/wp-content\/uploads\/2018\/03\/min-carmen-lucia-by-carlos-humberto_stf-700x420.jpg 700w, https:\/\/www.sudoestehoje.com.br\/novoportal\/wp-content\/uploads\/2018\/03\/min-carmen-lucia-by-carlos-humberto_stf.jpg 1500w\" sizes=\"auto, (max-width: 500px) 100vw, 500px\" \/><\/a><\/p>\n<p>A revista\u00a0<em>Isto\u00c9<\/em>, que circula nesta sexta-feira (16) publica reportagem de capa sobre a ministra C\u00e1rmen L\u00facia, presidente do Supremo Tribunal Federal (STF), com desabafos como o de que &#8220;para mim, as alega\u00e7\u00f5es de Lula e de qualquer outro preso que condenei s\u00e3o a mesma coisa&#8221;.<\/p>\n<p>C\u00e1rmen L\u00facia, que j\u00e1 avisou que n\u00e3o se submete a press\u00f5es, admite, segundo a revista, que &#8220;nunca o STF esteve t\u00e3o tenso&#8221;, em rela\u00e7\u00e3o a um tema espec\u00edfico, e mais uma vez sepulta a rediscuss\u00e3o sobre a pris\u00e3o do condenado em segnda inst\u00e2ncia:<\/p>\n<p>&#8211; O fim da pris\u00e3o em segunda inst\u00e2ncia seria um retrocesso de 50 anos no combate \u00e0 corrup\u00e7\u00e3o.<\/p>\n<p>Esta semana, a presidente do STF recebeu a defesa do ex-presidente Lula, capitaneada por um dos seus antecessores no cargo, o ministro aposentado Sep\u00falveda Pertence.<\/p>\n","protected":false},"excerpt":{"rendered":"<p>A revista\u00a0Isto\u00c9, que circula nesta sexta-feira (16) publica reportagem de capa sobre a ministra C\u00e1rmen L\u00facia, presidente do Supremo Tribunal Federal (STF), com desabafos como o de que &#8220;para mim, as alega\u00e7\u00f5es de Lula e de qualquer outro preso que condenei s\u00e3o a mesma coisa&#8221;. C\u00e1rmen L\u00facia, que j\u00e1 avisou que n\u00e3o se submete a [&hellip;]<\/p>\n","protected":false},"author":2,"featured_media":70927,"comment_status":"open","ping_status":"open","sticky":false,"template":"","format":"standard","meta":{"footnotes":"","_links_to":"","_links_to_target":""},"categories":[1],"tags":[],"class_list":["post-70926","post","type-post","status-publish","format-standard","has-post-thumbnail","hentry","category-geral"],"views":1015,"_links":{"self":[{"href":"https:\/\/www.sudoestehoje.com.br\/novoportal\/wp-json\/wp\/v2\/posts\/70926","targetHints":{"allow":["GET"]}}],"collection":[{"href":"https:\/\/www.sudoestehoje.com.br\/novoportal\/wp-json\/wp\/v2\/posts"}],"about":[{"href":"https:\/\/www.sudoestehoje.com.br\/novoportal\/wp-json\/wp\/v2\/types\/post"}],"author":[{"embeddable":true,"href":"https:\/\/www.sudoestehoje.com.br\/novoportal\/wp-json\/wp\/v2\/users\/2"}],"replies":[{"embeddable":true,"href":"https:\/\/www.sudoestehoje.com.br\/novoportal\/wp-json\/wp\/v2\/comments?post=70926"}],"version-history":[{"count":2,"href":"https:\/\/www.sudoestehoje.com.br\/novoportal\/wp-json\/wp\/v2\/posts\/70926\/revisions"}],"predecessor-version":[{"id":70929,"href":"https:\/\/www.sudoestehoje.com.br\/novoportal\/wp-json\/wp\/v2\/posts\/70926\/revisions\/70929"}],"wp:featuredmedia":[{"embeddable":true,"href":"https:\/\/www.sudoestehoje.com.br\/novoportal\/wp-json\/wp\/v2\/media\/70927"}],"wp:attachment":[{"href":"https:\/\/www.sudoestehoje.com.br\/novoportal\/wp-json\/wp\/v2\/media?parent=70926"}],"wp:term":[{"taxonomy":"category","embeddable":true,"href":"https:\/\/www.sudoestehoje.com.br\/novoportal\/wp-json\/wp\/v2\/categories?post=70926"},{"taxonomy":"post_tag","embeddable":true,"href":"https:\/\/www.sudoestehoje.com.br\/novoportal\/wp-json\/wp\/v2\/tags?post=70926"}],"curies":[{"name":"wp","href":"https:\/\/api.w.org\/{rel}","templated":true}]}}