
{"id":70919,"date":"2018-03-16T21:44:05","date_gmt":"2018-03-17T00:44:05","guid":{"rendered":"http:\/\/www.sudoestehoje.com.br\/novoportal\/?p=70919"},"modified":"2018-03-16T21:44:05","modified_gmt":"2018-03-17T00:44:05","slug":"serrinha-justica-comeca-julgamento-do-homem-que-matou-esposa-gravida","status":"publish","type":"post","link":"https:\/\/www.sudoestehoje.com.br\/novoportal\/2018\/03\/16\/serrinha-justica-comeca-julgamento-do-homem-que-matou-esposa-gravida\/","title":{"rendered":"SERRINHA: JUSTI\u00c7A COME\u00c7A JULGAMENTO DO HOMEM QUE MATOU ESPOSA GR\u00c1VIDA"},"content":{"rendered":"<div class=\"mc-column content-text active-extra-styles active-capital-letter\" data-block-type=\"unstyled\" data-block-weight=\"52\" data-block-id=\"2\">\n<p class=\"content-text__container theme-color-primary-first-letter\" data-track-category=\"Link no Texto\" data-track-links=\"\"><a href=\"http:\/\/www.sudoestehoje.com.br\/novoportal\/wp-content\/uploads\/2018\/03\/Daiane-e-Adilson.jpg\"><img loading=\"lazy\" decoding=\"async\" class=\"aligncenter size-medium wp-image-70924\" src=\"http:\/\/www.sudoestehoje.com.br\/novoportal\/wp-content\/uploads\/2018\/03\/Daiane-e-Adilson-500x348.jpg\" alt=\"\" width=\"500\" height=\"348\" srcset=\"https:\/\/www.sudoestehoje.com.br\/novoportal\/wp-content\/uploads\/2018\/03\/Daiane-e-Adilson-500x348.jpg 500w, https:\/\/www.sudoestehoje.com.br\/novoportal\/wp-content\/uploads\/2018\/03\/Daiane-e-Adilson-768x534.jpg 768w, https:\/\/www.sudoestehoje.com.br\/novoportal\/wp-content\/uploads\/2018\/03\/Daiane-e-Adilson-700x487.jpg 700w, https:\/\/www.sudoestehoje.com.br\/novoportal\/wp-content\/uploads\/2018\/03\/Daiane-e-Adilson.jpg 800w\" sizes=\"auto, (max-width: 500px) 100vw, 500px\" \/><\/a><\/p>\n<p class=\"content-text__container theme-color-primary-first-letter\" data-track-category=\"Link no Texto\" data-track-links=\"\">Come\u00e7ou na manh\u00e3 desta sexta-feira (16), em Serrinha, cidade a 180 quil\u00f4metros de Salvador, o julgamento de Adilson Prado Lima J\u00fanior,\u00a0acusado de ter matado a pr\u00f3pria esposa, Daiane Reis Mota, de 25 anos, com um tiro na nuca, \u00e0s v\u00e9speras dela dar \u00e0 luz. A crian\u00e7a que Daiane esperava tamb\u00e9m morreu.<\/p>\n<\/div>\n<div class=\"mc-column content-text active-extra-styles \" data-block-type=\"unstyled\" data-block-weight=\"56\" data-block-id=\"3\">\n<p class=\"content-text__container \" data-track-category=\"Link no Texto\" data-track-links=\"\">O crime ocorreu em 16 de dezembro de 2017, mas o corpo da jovem s\u00f3 foi localizado no dia seguinte. Antes de Daiane ser encontrada, o acusado havia dito \u00e0 fam\u00edlia da jovem que ela tinha desaparecido ap\u00f3s sair de casa para ir a uma loja, e chegou a ajudar os parentes a procurar por ela.\u00a0<a href=\"http:\/\/CONFIRA MAT\u00c9RIA COMPLETA\">CONFIRA MAT\u00c9RIA COMPLETA<\/a><\/p>\n<\/div>\n","protected":false},"excerpt":{"rendered":"<p>Come\u00e7ou na manh\u00e3 desta sexta-feira (16), em Serrinha, cidade a 180 quil\u00f4metros de Salvador, o julgamento de Adilson Prado Lima J\u00fanior,\u00a0acusado de ter matado a pr\u00f3pria esposa, Daiane Reis Mota, de 25 anos, com um tiro na nuca, \u00e0s v\u00e9speras dela dar \u00e0 luz. A crian\u00e7a que Daiane esperava tamb\u00e9m morreu. O crime ocorreu em [&hellip;]<\/p>\n","protected":false},"author":2,"featured_media":70924,"comment_status":"open","ping_status":"open","sticky":false,"template":"","format":"standard","meta":{"footnotes":"","_links_to":"","_links_to_target":""},"categories":[1],"tags":[],"class_list":["post-70919","post","type-post","status-publish","format-standard","has-post-thumbnail","hentry","category-geral"],"views":1540,"_links":{"self":[{"href":"https:\/\/www.sudoestehoje.com.br\/novoportal\/wp-json\/wp\/v2\/posts\/70919","targetHints":{"allow":["GET"]}}],"collection":[{"href":"https:\/\/www.sudoestehoje.com.br\/novoportal\/wp-json\/wp\/v2\/posts"}],"about":[{"href":"https:\/\/www.sudoestehoje.com.br\/novoportal\/wp-json\/wp\/v2\/types\/post"}],"author":[{"embeddable":true,"href":"https:\/\/www.sudoestehoje.com.br\/novoportal\/wp-json\/wp\/v2\/users\/2"}],"replies":[{"embeddable":true,"href":"https:\/\/www.sudoestehoje.com.br\/novoportal\/wp-json\/wp\/v2\/comments?post=70919"}],"version-history":[{"count":4,"href":"https:\/\/www.sudoestehoje.com.br\/novoportal\/wp-json\/wp\/v2\/posts\/70919\/revisions"}],"predecessor-version":[{"id":70925,"href":"https:\/\/www.sudoestehoje.com.br\/novoportal\/wp-json\/wp\/v2\/posts\/70919\/revisions\/70925"}],"wp:featuredmedia":[{"embeddable":true,"href":"https:\/\/www.sudoestehoje.com.br\/novoportal\/wp-json\/wp\/v2\/media\/70924"}],"wp:attachment":[{"href":"https:\/\/www.sudoestehoje.com.br\/novoportal\/wp-json\/wp\/v2\/media?parent=70919"}],"wp:term":[{"taxonomy":"category","embeddable":true,"href":"https:\/\/www.sudoestehoje.com.br\/novoportal\/wp-json\/wp\/v2\/categories?post=70919"},{"taxonomy":"post_tag","embeddable":true,"href":"https:\/\/www.sudoestehoje.com.br\/novoportal\/wp-json\/wp\/v2\/tags?post=70919"}],"curies":[{"name":"wp","href":"https:\/\/api.w.org\/{rel}","templated":true}]}}