
{"id":70876,"date":"2018-03-14T22:03:00","date_gmt":"2018-03-15T01:03:00","guid":{"rendered":"http:\/\/www.sudoestehoje.com.br\/novoportal\/?p=70876"},"modified":"2018-03-14T22:03:00","modified_gmt":"2018-03-15T01:03:00","slug":"vereadores-de-itapetinga-se-posicionam-contra-desativacao-da-base-de-saude","status":"publish","type":"post","link":"https:\/\/www.sudoestehoje.com.br\/novoportal\/2018\/03\/14\/vereadores-de-itapetinga-se-posicionam-contra-desativacao-da-base-de-saude\/","title":{"rendered":"VEREADORES DE ITAPETINGA SE POSICIONAM CONTRA DESATIVA\u00c7\u00c3O DA BASE DE SA\u00daDE"},"content":{"rendered":"<p><a href=\"http:\/\/www.sudoestehoje.com.br\/novoportal\/wp-content\/uploads\/2018\/03\/ze-antunes.jpg\"><img loading=\"lazy\" decoding=\"async\" class=\"aligncenter size-medium wp-image-70883\" src=\"http:\/\/www.sudoestehoje.com.br\/novoportal\/wp-content\/uploads\/2018\/03\/ze-antunes-500x375.jpg\" alt=\"\" width=\"500\" height=\"375\" srcset=\"https:\/\/www.sudoestehoje.com.br\/novoportal\/wp-content\/uploads\/2018\/03\/ze-antunes-500x375.jpg 500w, https:\/\/www.sudoestehoje.com.br\/novoportal\/wp-content\/uploads\/2018\/03\/ze-antunes-768x576.jpg 768w, https:\/\/www.sudoestehoje.com.br\/novoportal\/wp-content\/uploads\/2018\/03\/ze-antunes-700x525.jpg 700w, https:\/\/www.sudoestehoje.com.br\/novoportal\/wp-content\/uploads\/2018\/03\/ze-antunes.jpg 960w\" sizes=\"auto, (max-width: 500px) 100vw, 500px\" \/><\/a><\/p>\n<p>Na pr\u00f3xima semana, na capital do estado, acontecer\u00e1 uma reuni\u00e3o da CIB &#8211; Comiss\u00e3o Intergestores Bipartite, com a participa\u00e7\u00e3o de secret\u00e1rios de sa\u00fade de todo o estado da Bahia, onde ocorrer\u00e1 uma vota\u00e7\u00e3o para deliberar sobre o encerramento das atividades da <strong>Base Regional de Sa\u00fade de Itapetinga<\/strong> (antiga Dires), dentre outras que poder\u00e3o ter o mesmo destino.<\/p>\n<p>A Dires de Itapetinga foi implantada em 1974, e abrange todos os 13 munic\u00edpios do M\u00e9dio Sudoeste, mas vem sendo desativada gradativamente pelo governador Rui Costa e seu atual secret\u00e1rio de Sa\u00fade, apesar da sua import\u00e2ncia e relevantes prestados.<\/p>\n<p>Na sess\u00e3o legislativa desta quarta-feira (14), os vereadores<strong> Jos\u00e9 Antunes, Naara Duarte, Fabiano Bahia<\/strong> e o presidente da Casa<strong>, Eliomar Barreira<\/strong>, se pronunciaram sobre a quest\u00e3o, prestando solidariedade aos servidores da ex-Dires e se posicionando contra a desativa\u00e7\u00e3o do \u00f3rg\u00e3o em Itapetinga.<\/p>\n<p>Jos\u00e9 Antunes destacou que o \u00f3rg\u00e3o atua h\u00e1 44 anos na regi\u00e3o, executando a\u00e7\u00f5es de sa\u00fade p\u00fablica ininterruptamente, al\u00e9m de assessorar as secretarias municipais de sa\u00fade, nas in\u00fameras campanha de vacina\u00e7\u00e3o.<\/p>\n<p><em>&#8220;Caso a Base Regional de Sa\u00fade de Itapetinga venha a ser fechada, a popula\u00e7\u00e3o dos 13 munic\u00edpios que ela abrange ter\u00e3o que se dirigir ao N\u00facleo de Sa\u00fade de Vit\u00f3ria da Conquista, que j\u00e1 atende 19 munic\u00edpios e est\u00e1 sobrecarregado, sem falar dos cerca de 50 servidores do \u00f3rg\u00e3o que ficar\u00e3o com seu futuro funcional indefinido&#8221;, <\/em>ressaltou Jos\u00e9 Antunes.<\/p>\n<p>Os cortes de Rui Costa preocupam a sua base no interior e podem levar muitos prefeitos a tomarem posicionamento pol\u00edtico diverso do esperado pelo governo.<\/p>\n<p><strong><em>Por Davi Ferraz\u00a0\u00a0<\/em><\/strong><\/p>\n","protected":false},"excerpt":{"rendered":"<p>Na pr\u00f3xima semana, na capital do estado, acontecer\u00e1 uma reuni\u00e3o da CIB &#8211; Comiss\u00e3o Intergestores Bipartite, com a participa\u00e7\u00e3o de secret\u00e1rios de sa\u00fade de todo o estado da Bahia, onde ocorrer\u00e1 uma vota\u00e7\u00e3o para deliberar sobre o encerramento das atividades da Base Regional de Sa\u00fade de Itapetinga (antiga Dires), dentre outras que poder\u00e3o ter o [&hellip;]<\/p>\n","protected":false},"author":2,"featured_media":70883,"comment_status":"open","ping_status":"open","sticky":false,"template":"","format":"standard","meta":{"footnotes":"","_links_to":"","_links_to_target":""},"categories":[1],"tags":[],"class_list":["post-70876","post","type-post","status-publish","format-standard","has-post-thumbnail","hentry","category-geral"],"views":1504,"_links":{"self":[{"href":"https:\/\/www.sudoestehoje.com.br\/novoportal\/wp-json\/wp\/v2\/posts\/70876","targetHints":{"allow":["GET"]}}],"collection":[{"href":"https:\/\/www.sudoestehoje.com.br\/novoportal\/wp-json\/wp\/v2\/posts"}],"about":[{"href":"https:\/\/www.sudoestehoje.com.br\/novoportal\/wp-json\/wp\/v2\/types\/post"}],"author":[{"embeddable":true,"href":"https:\/\/www.sudoestehoje.com.br\/novoportal\/wp-json\/wp\/v2\/users\/2"}],"replies":[{"embeddable":true,"href":"https:\/\/www.sudoestehoje.com.br\/novoportal\/wp-json\/wp\/v2\/comments?post=70876"}],"version-history":[{"count":7,"href":"https:\/\/www.sudoestehoje.com.br\/novoportal\/wp-json\/wp\/v2\/posts\/70876\/revisions"}],"predecessor-version":[{"id":70884,"href":"https:\/\/www.sudoestehoje.com.br\/novoportal\/wp-json\/wp\/v2\/posts\/70876\/revisions\/70884"}],"wp:featuredmedia":[{"embeddable":true,"href":"https:\/\/www.sudoestehoje.com.br\/novoportal\/wp-json\/wp\/v2\/media\/70883"}],"wp:attachment":[{"href":"https:\/\/www.sudoestehoje.com.br\/novoportal\/wp-json\/wp\/v2\/media?parent=70876"}],"wp:term":[{"taxonomy":"category","embeddable":true,"href":"https:\/\/www.sudoestehoje.com.br\/novoportal\/wp-json\/wp\/v2\/categories?post=70876"},{"taxonomy":"post_tag","embeddable":true,"href":"https:\/\/www.sudoestehoje.com.br\/novoportal\/wp-json\/wp\/v2\/tags?post=70876"}],"curies":[{"name":"wp","href":"https:\/\/api.w.org\/{rel}","templated":true}]}}