
{"id":70858,"date":"2018-03-14T10:10:36","date_gmt":"2018-03-14T13:10:36","guid":{"rendered":"http:\/\/www.sudoestehoje.com.br\/novoportal\/?p=70858"},"modified":"2018-03-14T10:10:36","modified_gmt":"2018-03-14T13:10:36","slug":"queda-de-energia-queima-aparelhos-e-causa-prejuizos-milionarios-em-itapetinga","status":"publish","type":"post","link":"https:\/\/www.sudoestehoje.com.br\/novoportal\/2018\/03\/14\/queda-de-energia-queima-aparelhos-e-causa-prejuizos-milionarios-em-itapetinga\/","title":{"rendered":"QUEDA DE ENERGIA QUEIMA APARELHOS E CAUSA PREJU\u00cdZOS MILION\u00c1RIOS EM ITAPETINGA"},"content":{"rendered":"<p><a href=\"http:\/\/www.sudoestehoje.com.br\/novoportal\/wp-content\/uploads\/2018\/03\/eletricidade-queimar.jpg\"><img loading=\"lazy\" decoding=\"async\" class=\"aligncenter size-medium wp-image-70861\" src=\"http:\/\/www.sudoestehoje.com.br\/novoportal\/wp-content\/uploads\/2018\/03\/eletricidade-queimar-500x217.jpg\" alt=\"\" width=\"500\" height=\"217\" srcset=\"https:\/\/www.sudoestehoje.com.br\/novoportal\/wp-content\/uploads\/2018\/03\/eletricidade-queimar-500x217.jpg 500w, https:\/\/www.sudoestehoje.com.br\/novoportal\/wp-content\/uploads\/2018\/03\/eletricidade-queimar.jpg 575w\" sizes=\"auto, (max-width: 500px) 100vw, 500px\" \/><\/a><\/p>\n<p>Na tarde do \u00faltimo domingo (11), devido \u00e0s fortes chuvas, o fornecimento de energia foi interrompido em diversos bairros de Itapetinga, causando transtornos e preju\u00edzos \u00e0 popula\u00e7\u00e3o.<\/p>\n<p>Em alguns locais da cidade, o fornecimento de energia foi restabelecido no mesmo dia, enquanto que em outros, como o Campus da Uesb, Recanto da Colina e imedia\u00e7\u00f5es, a energia s\u00f3 voltou na tarde desta ter\u00e7a-feira (13), mesmo assim de forma prec\u00e1ria, caindo por volta da 20h, na Uesb, interrompendo mais uma vez as aulas.<\/p>\n<p><a href=\"http:\/\/www.sudoestehoje.com.br\/novoportal\/wp-content\/uploads\/2018\/03\/roteador-queimado.jpg\"><img loading=\"lazy\" decoding=\"async\" class=\"aligncenter size-medium wp-image-70862\" src=\"http:\/\/www.sudoestehoje.com.br\/novoportal\/wp-content\/uploads\/2018\/03\/roteador-queimado-500x331.jpg\" alt=\"\" width=\"500\" height=\"331\" srcset=\"https:\/\/www.sudoestehoje.com.br\/novoportal\/wp-content\/uploads\/2018\/03\/roteador-queimado-500x331.jpg 500w, https:\/\/www.sudoestehoje.com.br\/novoportal\/wp-content\/uploads\/2018\/03\/roteador-queimado.jpg 640w\" sizes=\"auto, (max-width: 500px) 100vw, 500px\" \/><\/a><\/p>\n<p>QUEIMA DE APARELHOS<\/p>\n<p>Durante os consecutivos &#8216;picos&#8217; de energia, aparelhos dom\u00e9sticos como geladeiras, TVs, m\u00e1quinas de lavar, computadores, roteadores e estabilizadores, dentre outros, queimaram em centenas de resid\u00eancias e estabelecimentos comerciais, causando preju\u00edzos incalcul\u00e1veis \u00e0 popula\u00e7\u00e3o. At\u00e9 os equipamentos transmissores da R\u00e1dio Cidade FM, instalados na serra das torres (Cruzeiro), queimaram quase que totalmente, retirando a emissora do ar.<\/p>\n<p>COELBA SER\u00c1 ACIONADA NA JUSTI\u00c7A<\/p>\n<p>Devido aos preju\u00edzos que sofreram e \u00e0 resist\u00eancia da Coelba em indeniz\u00e1-los amigavelmente, consumidores j\u00e1 est\u00e3o se organizando para formar grupos e contratar advogados, para mover a\u00e7\u00f5es de indeniza\u00e7\u00f5es por danos materiais e morais, contra a operadora.<\/p>\n<p><a href=\"http:\/\/www.sudoestehoje.com.br\/novoportal\/wp-content\/uploads\/2018\/03\/coelba_redenewsbahia504-660x400.jpg\"><img loading=\"lazy\" decoding=\"async\" class=\"aligncenter size-medium wp-image-70863\" src=\"http:\/\/www.sudoestehoje.com.br\/novoportal\/wp-content\/uploads\/2018\/03\/coelba_redenewsbahia504-660x400-500x303.jpg\" alt=\"\" width=\"500\" height=\"303\" srcset=\"https:\/\/www.sudoestehoje.com.br\/novoportal\/wp-content\/uploads\/2018\/03\/coelba_redenewsbahia504-660x400-500x303.jpg 500w, https:\/\/www.sudoestehoje.com.br\/novoportal\/wp-content\/uploads\/2018\/03\/coelba_redenewsbahia504-660x400.jpg 660w\" sizes=\"auto, (max-width: 500px) 100vw, 500px\" \/><\/a><\/p>\n<p>Segundo um advogado renomado de Itapetinga, cada a\u00e7\u00e3o pode chegar a R$ 38.160,00 (quarenta sal\u00e1rios m\u00ednimos), com grande chances de sucesso na justi\u00e7a, uma vez que a responsabilidade da Coelba em indenizar tais preju\u00edzos \u00e9 incontest\u00e1vel.<\/p>\n<p>REDE SUCATEADA<\/p>\n<p>De acordo com um antigo funcion\u00e1rio da Coelba, que n\u00e3o quis se identificar por motivos \u00f3bvios, quase toda a rede de transmiss\u00e3o que serve Itapetinga e cidades vizinhas, est\u00e1 defasada e em muitos pontos &#8216;sucateada&#8217;, raz\u00e3o pela qual n\u00e3o resiste \u00e0s tempestades.\u00a0H\u00e1 at\u00e9 quem diga que &#8220;basta nublar, para a Coelba gripar e a energia cair&#8221;.<\/p>\n<p>Vale salientar que mesmo com o tempo firme, as quedas de energia em Itapetinga e regi\u00e3o s\u00e3o constantes, sem nenhuma explica\u00e7\u00e3o plaus\u00edvel por parte da Coelba.<\/p>\n<p><strong><em>Por Davi Ferraz<\/em><\/strong><\/p>\n","protected":false},"excerpt":{"rendered":"<p>Na tarde do \u00faltimo domingo (11), devido \u00e0s fortes chuvas, o fornecimento de energia foi interrompido em diversos bairros de Itapetinga, causando transtornos e preju\u00edzos \u00e0 popula\u00e7\u00e3o. Em alguns locais da cidade, o fornecimento de energia foi restabelecido no mesmo dia, enquanto que em outros, como o Campus da Uesb, Recanto da Colina e imedia\u00e7\u00f5es, [&hellip;]<\/p>\n","protected":false},"author":2,"featured_media":70861,"comment_status":"open","ping_status":"open","sticky":false,"template":"","format":"standard","meta":{"footnotes":"","_links_to":"","_links_to_target":""},"categories":[1],"tags":[],"class_list":["post-70858","post","type-post","status-publish","format-standard","has-post-thumbnail","hentry","category-geral"],"views":3012,"_links":{"self":[{"href":"https:\/\/www.sudoestehoje.com.br\/novoportal\/wp-json\/wp\/v2\/posts\/70858","targetHints":{"allow":["GET"]}}],"collection":[{"href":"https:\/\/www.sudoestehoje.com.br\/novoportal\/wp-json\/wp\/v2\/posts"}],"about":[{"href":"https:\/\/www.sudoestehoje.com.br\/novoportal\/wp-json\/wp\/v2\/types\/post"}],"author":[{"embeddable":true,"href":"https:\/\/www.sudoestehoje.com.br\/novoportal\/wp-json\/wp\/v2\/users\/2"}],"replies":[{"embeddable":true,"href":"https:\/\/www.sudoestehoje.com.br\/novoportal\/wp-json\/wp\/v2\/comments?post=70858"}],"version-history":[{"count":3,"href":"https:\/\/www.sudoestehoje.com.br\/novoportal\/wp-json\/wp\/v2\/posts\/70858\/revisions"}],"predecessor-version":[{"id":70864,"href":"https:\/\/www.sudoestehoje.com.br\/novoportal\/wp-json\/wp\/v2\/posts\/70858\/revisions\/70864"}],"wp:featuredmedia":[{"embeddable":true,"href":"https:\/\/www.sudoestehoje.com.br\/novoportal\/wp-json\/wp\/v2\/media\/70861"}],"wp:attachment":[{"href":"https:\/\/www.sudoestehoje.com.br\/novoportal\/wp-json\/wp\/v2\/media?parent=70858"}],"wp:term":[{"taxonomy":"category","embeddable":true,"href":"https:\/\/www.sudoestehoje.com.br\/novoportal\/wp-json\/wp\/v2\/categories?post=70858"},{"taxonomy":"post_tag","embeddable":true,"href":"https:\/\/www.sudoestehoje.com.br\/novoportal\/wp-json\/wp\/v2\/tags?post=70858"}],"curies":[{"name":"wp","href":"https:\/\/api.w.org\/{rel}","templated":true}]}}