
{"id":70855,"date":"2018-03-13T11:25:52","date_gmt":"2018-03-13T14:25:52","guid":{"rendered":"http:\/\/www.sudoestehoje.com.br\/novoportal\/?p=70855"},"modified":"2018-03-13T11:25:52","modified_gmt":"2018-03-13T14:25:52","slug":"itapetinguense-abel-reboucas-assume-senado-durante-licenca-de-otto-alencar","status":"publish","type":"post","link":"https:\/\/www.sudoestehoje.com.br\/novoportal\/2018\/03\/13\/itapetinguense-abel-reboucas-assume-senado-durante-licenca-de-otto-alencar\/","title":{"rendered":"ITAPETINGUENSE ABEL REBOU\u00c7AS ASSUME SENADO DURANTE LICEN\u00c7A DE OTTO ALENCAR"},"content":{"rendered":"<p><a href=\"http:\/\/www.sudoestehoje.com.br\/novoportal\/wp-content\/uploads\/2018\/03\/oto.jpg\"><img loading=\"lazy\" decoding=\"async\" class=\"aligncenter size-medium wp-image-70856\" src=\"http:\/\/www.sudoestehoje.com.br\/novoportal\/wp-content\/uploads\/2018\/03\/oto-500x331.jpg\" alt=\"\" width=\"500\" height=\"331\" srcset=\"https:\/\/www.sudoestehoje.com.br\/novoportal\/wp-content\/uploads\/2018\/03\/oto-500x331.jpg 500w, https:\/\/www.sudoestehoje.com.br\/novoportal\/wp-content\/uploads\/2018\/03\/oto-700x464.jpg 700w, https:\/\/www.sudoestehoje.com.br\/novoportal\/wp-content\/uploads\/2018\/03\/oto.jpg 750w\" sizes=\"auto, (max-width: 500px) 100vw, 500px\" \/><\/a><\/p>\n<p>O senador Otto Alencar (PSD-BA) vai pedir licen\u00e7a do Senado Federal para assumir uma secretaria estadual no governo Rui Costa, conforme informa\u00e7\u00f5es divulgadas no Bahia Not\u00edcias. Al\u00e9m disso, o presidente estadual da legenda vai assumir a coordena\u00e7\u00e3o de campanha do petista.<\/p>\n<p>No lugar de Otto, quem assume a vaga no Congresso Nacional \u00e9 Abel Rebou\u00e7as (PSD), ex-reitor da Universidade Estadual do Sudoeste da Bahia (UESB). Na administra\u00e7\u00e3o estadual, a sigla chefia duas pastas importantes: Desenvolvimento Urbano (Sedur) e Infraestrutura (Seinfra). A Sedur, inclusive, \u00e9 alvo de cobi\u00e7a do PR.<\/p>\n<p>O professor Abel Rebou\u00e7as S\u00e3o Jos\u00e9 foi um dos primeiros professores a atuar na Universidade. Nasceu em Itapetinga em 1957. Abel Rebou\u00e7as exerceu, de 2002 a 2006, o primeiro mandato como reitor da Uesb.<\/p>\n","protected":false},"excerpt":{"rendered":"<p>O senador Otto Alencar (PSD-BA) vai pedir licen\u00e7a do Senado Federal para assumir uma secretaria estadual no governo Rui Costa, conforme informa\u00e7\u00f5es divulgadas no Bahia Not\u00edcias. Al\u00e9m disso, o presidente estadual da legenda vai assumir a coordena\u00e7\u00e3o de campanha do petista. No lugar de Otto, quem assume a vaga no Congresso Nacional \u00e9 Abel Rebou\u00e7as [&hellip;]<\/p>\n","protected":false},"author":2,"featured_media":70856,"comment_status":"open","ping_status":"open","sticky":false,"template":"","format":"standard","meta":{"footnotes":"","_links_to":"","_links_to_target":""},"categories":[1],"tags":[],"class_list":["post-70855","post","type-post","status-publish","format-standard","has-post-thumbnail","hentry","category-geral"],"views":1437,"_links":{"self":[{"href":"https:\/\/www.sudoestehoje.com.br\/novoportal\/wp-json\/wp\/v2\/posts\/70855","targetHints":{"allow":["GET"]}}],"collection":[{"href":"https:\/\/www.sudoestehoje.com.br\/novoportal\/wp-json\/wp\/v2\/posts"}],"about":[{"href":"https:\/\/www.sudoestehoje.com.br\/novoportal\/wp-json\/wp\/v2\/types\/post"}],"author":[{"embeddable":true,"href":"https:\/\/www.sudoestehoje.com.br\/novoportal\/wp-json\/wp\/v2\/users\/2"}],"replies":[{"embeddable":true,"href":"https:\/\/www.sudoestehoje.com.br\/novoportal\/wp-json\/wp\/v2\/comments?post=70855"}],"version-history":[{"count":1,"href":"https:\/\/www.sudoestehoje.com.br\/novoportal\/wp-json\/wp\/v2\/posts\/70855\/revisions"}],"predecessor-version":[{"id":70857,"href":"https:\/\/www.sudoestehoje.com.br\/novoportal\/wp-json\/wp\/v2\/posts\/70855\/revisions\/70857"}],"wp:featuredmedia":[{"embeddable":true,"href":"https:\/\/www.sudoestehoje.com.br\/novoportal\/wp-json\/wp\/v2\/media\/70856"}],"wp:attachment":[{"href":"https:\/\/www.sudoestehoje.com.br\/novoportal\/wp-json\/wp\/v2\/media?parent=70855"}],"wp:term":[{"taxonomy":"category","embeddable":true,"href":"https:\/\/www.sudoestehoje.com.br\/novoportal\/wp-json\/wp\/v2\/categories?post=70855"},{"taxonomy":"post_tag","embeddable":true,"href":"https:\/\/www.sudoestehoje.com.br\/novoportal\/wp-json\/wp\/v2\/tags?post=70855"}],"curies":[{"name":"wp","href":"https:\/\/api.w.org\/{rel}","templated":true}]}}