
{"id":70840,"date":"2018-03-11T22:14:31","date_gmt":"2018-03-12T01:14:31","guid":{"rendered":"http:\/\/www.sudoestehoje.com.br\/novoportal\/?p=70840"},"modified":"2018-03-13T10:49:21","modified_gmt":"2018-03-13T13:49:21","slug":"sesab-vai-fechar-nucleo-de-saude-de-itapetinga-afirmam-servidores","status":"publish","type":"post","link":"https:\/\/www.sudoestehoje.com.br\/novoportal\/2018\/03\/11\/sesab-vai-fechar-nucleo-de-saude-de-itapetinga-afirmam-servidores\/","title":{"rendered":"SESAB VAI FECHAR N\u00daCLEO DE SA\u00daDE DE ITAPETINGA, AFIRMAM SERVIDORES"},"content":{"rendered":"<p><a href=\"http:\/\/www.sudoestehoje.com.br\/novoportal\/wp-content\/uploads\/2018\/03\/DIRES.jpg\"><img loading=\"lazy\" decoding=\"async\" class=\"aligncenter size-medium wp-image-70843\" src=\"http:\/\/www.sudoestehoje.com.br\/novoportal\/wp-content\/uploads\/2018\/03\/DIRES-500x281.jpg\" alt=\"\" width=\"500\" height=\"281\" srcset=\"https:\/\/www.sudoestehoje.com.br\/novoportal\/wp-content\/uploads\/2018\/03\/DIRES-500x281.jpg 500w, https:\/\/www.sudoestehoje.com.br\/novoportal\/wp-content\/uploads\/2018\/03\/DIRES-768x431.jpg 768w, https:\/\/www.sudoestehoje.com.br\/novoportal\/wp-content\/uploads\/2018\/03\/DIRES-700x393.jpg 700w, https:\/\/www.sudoestehoje.com.br\/novoportal\/wp-content\/uploads\/2018\/03\/DIRES.jpg 960w\" sizes=\"auto, (max-width: 500px) 100vw, 500px\" \/><\/a><\/p>\n<p>Rumores dando conta do fechamento do N\u00facleo Regional de Sa\u00fade de Itapetinga (antiga 14\u00aa Dires), voltam a dominar as discuss\u00f5es pol\u00edticas na cidade, o que vem causando enorme apreens\u00e3o entre os servidores da Secretaria Estadual de Sa\u00fade, em toda a regi\u00e3o.<\/p>\n<p>A decis\u00e3o de fechar as Dires no interior do estado foi tomada pelo governador Rui Costa no in\u00edcio do seu governo, mas acabou n\u00e3o se concretizando, devido a repercuss\u00e3o negativa causada pelos protestos dos servidores e de setores do pr\u00f3prio governo.<\/p>\n<p>Agora, h\u00e1 quem aposte que a desativa\u00e7\u00e3o \u00e9 mesmo irrevers\u00edvel e que os poucos servidores que ainda restam no \u00f3rg\u00e3o, v\u00e3o ser alocados em outras reparti\u00e7\u00f5es do pr\u00f3prio governo do estado no munic\u00edpio, como o Hemoba, que funciona em espa\u00e7o \u00ednfimo, que n\u00e3o cabe nem o seu atual efetivo.<\/p>\n<p>Contam que a &#8216;Opera\u00e7\u00e3o Desmonte&#8217; de Rui Costa est\u00e1 sendo feita na surdina pra n\u00e3o ter repercuss\u00e3o pol\u00edtica negativa, em ano de elei\u00e7\u00e3o.<\/p>\n<p><strong><em>Por Davi Ferraz<\/em><\/strong><\/p>\n","protected":false},"excerpt":{"rendered":"<p>Rumores dando conta do fechamento do N\u00facleo Regional de Sa\u00fade de Itapetinga (antiga 14\u00aa Dires), voltam a dominar as discuss\u00f5es pol\u00edticas na cidade, o que vem causando enorme apreens\u00e3o entre os servidores da Secretaria Estadual de Sa\u00fade, em toda a regi\u00e3o. A decis\u00e3o de fechar as Dires no interior do estado foi tomada pelo governador [&hellip;]<\/p>\n","protected":false},"author":2,"featured_media":70843,"comment_status":"open","ping_status":"open","sticky":false,"template":"","format":"standard","meta":{"footnotes":"","_links_to":"","_links_to_target":""},"categories":[1],"tags":[],"class_list":["post-70840","post","type-post","status-publish","format-standard","has-post-thumbnail","hentry","category-geral"],"views":2831,"_links":{"self":[{"href":"https:\/\/www.sudoestehoje.com.br\/novoportal\/wp-json\/wp\/v2\/posts\/70840","targetHints":{"allow":["GET"]}}],"collection":[{"href":"https:\/\/www.sudoestehoje.com.br\/novoportal\/wp-json\/wp\/v2\/posts"}],"about":[{"href":"https:\/\/www.sudoestehoje.com.br\/novoportal\/wp-json\/wp\/v2\/types\/post"}],"author":[{"embeddable":true,"href":"https:\/\/www.sudoestehoje.com.br\/novoportal\/wp-json\/wp\/v2\/users\/2"}],"replies":[{"embeddable":true,"href":"https:\/\/www.sudoestehoje.com.br\/novoportal\/wp-json\/wp\/v2\/comments?post=70840"}],"version-history":[{"count":2,"href":"https:\/\/www.sudoestehoje.com.br\/novoportal\/wp-json\/wp\/v2\/posts\/70840\/revisions"}],"predecessor-version":[{"id":70854,"href":"https:\/\/www.sudoestehoje.com.br\/novoportal\/wp-json\/wp\/v2\/posts\/70840\/revisions\/70854"}],"wp:featuredmedia":[{"embeddable":true,"href":"https:\/\/www.sudoestehoje.com.br\/novoportal\/wp-json\/wp\/v2\/media\/70843"}],"wp:attachment":[{"href":"https:\/\/www.sudoestehoje.com.br\/novoportal\/wp-json\/wp\/v2\/media?parent=70840"}],"wp:term":[{"taxonomy":"category","embeddable":true,"href":"https:\/\/www.sudoestehoje.com.br\/novoportal\/wp-json\/wp\/v2\/categories?post=70840"},{"taxonomy":"post_tag","embeddable":true,"href":"https:\/\/www.sudoestehoje.com.br\/novoportal\/wp-json\/wp\/v2\/tags?post=70840"}],"curies":[{"name":"wp","href":"https:\/\/api.w.org\/{rel}","templated":true}]}}