
{"id":70824,"date":"2018-03-09T20:15:34","date_gmt":"2018-03-09T23:15:34","guid":{"rendered":"http:\/\/www.sudoestehoje.com.br\/novoportal\/?p=70824"},"modified":"2018-03-09T20:18:49","modified_gmt":"2018-03-09T23:18:49","slug":"brasil-cartao-reforma-da-ate-r-9-64607-prefeituras-devem-se-cadastrar","status":"publish","type":"post","link":"https:\/\/www.sudoestehoje.com.br\/novoportal\/2018\/03\/09\/brasil-cartao-reforma-da-ate-r-9-64607-prefeituras-devem-se-cadastrar\/","title":{"rendered":"BRASIL: CART\u00c3O REFORMA D\u00c1 AT\u00c9 R$ 9.646,07; PREFEITURAS PRECISAM SE CADASTRAR"},"content":{"rendered":"<p><a href=\"http:\/\/www.sudoestehoje.com.br\/novoportal\/wp-content\/uploads\/2018\/03\/C-REFORMA.jpg\"><img loading=\"lazy\" decoding=\"async\" class=\"aligncenter size-medium wp-image-70826\" src=\"http:\/\/www.sudoestehoje.com.br\/novoportal\/wp-content\/uploads\/2018\/03\/C-REFORMA-500x333.jpg\" alt=\"\" width=\"500\" height=\"333\" srcset=\"https:\/\/www.sudoestehoje.com.br\/novoportal\/wp-content\/uploads\/2018\/03\/C-REFORMA-500x333.jpg 500w, https:\/\/www.sudoestehoje.com.br\/novoportal\/wp-content\/uploads\/2018\/03\/C-REFORMA.jpg 660w\" sizes=\"auto, (max-width: 500px) 100vw, 500px\" \/><\/a><\/p>\n<p>O Minist\u00e9rio das Cidades vai abrir na segunda-feira (12) as inscri\u00e7\u00f5es para Estados e munic\u00edpios interessados em participar do programa Cart\u00e3o Reforma. O programa d\u00e1 a fam\u00edlias carentes\u00a0at\u00e9 R$ 9.646,07 para aumentar ou reformar a casa.<\/p>\n<p>Ser\u00e3o distribu\u00eddos, ao todo, R$ 685,5 milh\u00f5es neste ano. Segundo o minist\u00e9rio, haver\u00e1 tr\u00eas fases para inscri\u00e7\u00e3o. A primeira come\u00e7a na segunda-feira (12) e vai at\u00e9 23 de mar\u00e7o. Os governos estaduais e municipais devem se inscrever .<\/p>\n<p>A lista dos locais selecionados para deve ser divulgada em 6 de maio. A segunda fase de inscri\u00e7\u00e3o vai de 26 de mar\u00e7o a 13 de maio e a terceira, de 16 de abril a 11 de maio, e a terceira, de 16 de abril a 11 de maio. Veja mais em\u00a0<span style=\"color: #0000ff;\"><a style=\"color: #0000ff;\" href=\"https:\/\/economia.uol.com.br\/noticias\/redacao\/2018\/03\/09\/cartao-reforma-prazo-prefeituras-cadastro.htm?cmpid=copiaecola\">C ART\u00c3O REFORMA<\/a><\/span><\/p>\n","protected":false},"excerpt":{"rendered":"<p>O Minist\u00e9rio das Cidades vai abrir na segunda-feira (12) as inscri\u00e7\u00f5es para Estados e munic\u00edpios interessados em participar do programa Cart\u00e3o Reforma. O programa d\u00e1 a fam\u00edlias carentes\u00a0at\u00e9 R$ 9.646,07 para aumentar ou reformar a casa. Ser\u00e3o distribu\u00eddos, ao todo, R$ 685,5 milh\u00f5es neste ano. Segundo o minist\u00e9rio, haver\u00e1 tr\u00eas fases para inscri\u00e7\u00e3o. A primeira [&hellip;]<\/p>\n","protected":false},"author":2,"featured_media":70826,"comment_status":"open","ping_status":"open","sticky":false,"template":"","format":"standard","meta":{"footnotes":"","_links_to":"","_links_to_target":""},"categories":[1],"tags":[],"class_list":["post-70824","post","type-post","status-publish","format-standard","has-post-thumbnail","hentry","category-geral"],"views":2311,"_links":{"self":[{"href":"https:\/\/www.sudoestehoje.com.br\/novoportal\/wp-json\/wp\/v2\/posts\/70824","targetHints":{"allow":["GET"]}}],"collection":[{"href":"https:\/\/www.sudoestehoje.com.br\/novoportal\/wp-json\/wp\/v2\/posts"}],"about":[{"href":"https:\/\/www.sudoestehoje.com.br\/novoportal\/wp-json\/wp\/v2\/types\/post"}],"author":[{"embeddable":true,"href":"https:\/\/www.sudoestehoje.com.br\/novoportal\/wp-json\/wp\/v2\/users\/2"}],"replies":[{"embeddable":true,"href":"https:\/\/www.sudoestehoje.com.br\/novoportal\/wp-json\/wp\/v2\/comments?post=70824"}],"version-history":[{"count":4,"href":"https:\/\/www.sudoestehoje.com.br\/novoportal\/wp-json\/wp\/v2\/posts\/70824\/revisions"}],"predecessor-version":[{"id":70829,"href":"https:\/\/www.sudoestehoje.com.br\/novoportal\/wp-json\/wp\/v2\/posts\/70824\/revisions\/70829"}],"wp:featuredmedia":[{"embeddable":true,"href":"https:\/\/www.sudoestehoje.com.br\/novoportal\/wp-json\/wp\/v2\/media\/70826"}],"wp:attachment":[{"href":"https:\/\/www.sudoestehoje.com.br\/novoportal\/wp-json\/wp\/v2\/media?parent=70824"}],"wp:term":[{"taxonomy":"category","embeddable":true,"href":"https:\/\/www.sudoestehoje.com.br\/novoportal\/wp-json\/wp\/v2\/categories?post=70824"},{"taxonomy":"post_tag","embeddable":true,"href":"https:\/\/www.sudoestehoje.com.br\/novoportal\/wp-json\/wp\/v2\/tags?post=70824"}],"curies":[{"name":"wp","href":"https:\/\/api.w.org\/{rel}","templated":true}]}}