
{"id":70813,"date":"2018-03-09T19:21:44","date_gmt":"2018-03-09T22:21:44","guid":{"rendered":"http:\/\/www.sudoestehoje.com.br\/novoportal\/?p=70813"},"modified":"2018-03-09T19:21:44","modified_gmt":"2018-03-09T22:21:44","slug":"professor-proibe-aluna-de-assistir-aula-acompanhada-de-filha-de-5-anos-na-ufrn","status":"publish","type":"post","link":"https:\/\/www.sudoestehoje.com.br\/novoportal\/2018\/03\/09\/professor-proibe-aluna-de-assistir-aula-acompanhada-de-filha-de-5-anos-na-ufrn\/","title":{"rendered":"PROFESSOR PRO\u00cdBE ALUNA DE ASSISTIR AULA ACOMPANHADA DE FILHA DE 5 ANOS NA UFRN"},"content":{"rendered":"<div class=\"mc-column content-text active-extra-styles active-capital-letter\" data-block-type=\"unstyled\" data-block-weight=\"79\" data-block-id=\"2\">\n<p class=\"content-text__container theme-color-primary-first-letter\" data-track-category=\"Link no Texto\" data-track-links=\"\"><a href=\"http:\/\/www.sudoestehoje.com.br\/novoportal\/wp-content\/uploads\/2018\/03\/ALUNA.jpeg\"><img loading=\"lazy\" decoding=\"async\" class=\"aligncenter size-medium wp-image-70814\" src=\"http:\/\/www.sudoestehoje.com.br\/novoportal\/wp-content\/uploads\/2018\/03\/ALUNA-500x281.jpeg\" alt=\"\" width=\"500\" height=\"281\" srcset=\"https:\/\/www.sudoestehoje.com.br\/novoportal\/wp-content\/uploads\/2018\/03\/ALUNA-500x281.jpeg 500w, https:\/\/www.sudoestehoje.com.br\/novoportal\/wp-content\/uploads\/2018\/03\/ALUNA.jpeg 640w\" sizes=\"auto, (max-width: 500px) 100vw, 500px\" \/><\/a><\/p>\n<p class=\"content-text__container theme-color-primary-first-letter\" data-track-category=\"Link no Texto\" data-track-links=\"\">O professor graduado e mestre em Ci\u00eancias Sociais (UFRN), doutor (Universidade de Paris Ren\u00e9 Descartes) e p\u00f3s-doutor em sociologia (UFRJ), Al\u00edpio Sousa Filho, proibiu uma aluna de assistir \u00e0s suas aulas porque ela estava acompanhada da filha de cinco anos. A estudante Waleska Maria Lopes trabalha de manh\u00e3 e de tarde e n\u00e3o tem com quem deixar a crian\u00e7a na hora que vai para a universidade, \u00e0 noite. Al\u00edpio alega que a presen\u00e7a da menina traz preju\u00edzos \u00e0 aula.<\/p>\n<\/div>\n<div class=\"mc-column content-text active-extra-styles \" data-block-type=\"unstyled\" data-block-weight=\"60\" data-block-id=\"3\">\n<p class=\"content-text__container \" data-track-category=\"Link no Texto\" data-track-links=\"\">O fato aconteceu nesta ter\u00e7a-feira (6) durante a aula de Introdu\u00e7\u00e3o \u00e0 Sociologia do curso de Ci\u00eancias Sociais da UFRN. \u201cMe senti muito mal. Minha filha perguntou se n\u00e3o podia mais assistir \u00e0s minhas aulas. Se era por causa dela. \u00c9 uma grande humilha\u00e7\u00e3o. A \u00fanica fam\u00edlia dela sou eu. Ela s\u00f3 tem a mim. Foi terr\u00edvel\u201d, relatou a aluna.<\/p>\n<\/div>\n<div class=\"mc-column content-text active-extra-styles \" data-block-type=\"unstyled\" data-block-weight=\"106\" data-block-id=\"4\">\n<p class=\"content-text__container \" data-track-category=\"Link no Texto\" data-track-links=\"\">Segundo ela, Al\u00edpio Filho a informou que n\u00e3o poderia assistir \u00e0s suas aulas com a crian\u00e7a e ordenou que Waleska se retirasse da sala. A estudante cria a filha sozinha.<\/p>\n<div class=\"mc-column content-text active-extra-styles \" data-block-type=\"unstyled\" data-block-weight=\"27\" data-block-id=\"5\">\n<p class=\"content-text__container \" data-track-category=\"Link no Texto\" data-track-links=\"\">Al\u00edpio Filho diz que n\u00e3o expulsou a aluna da aula. Contudo o professor admite que proibiu a estudante de voltar novamente a uma aula acompanhada da filha.<\/p>\n<\/div>\n<div class=\"mc-column content-text active-extra-styles \" data-block-type=\"unstyled\" data-block-weight=\"65\" data-block-id=\"6\">\n<p class=\"content-text__container \" data-track-category=\"Link no Texto\" data-track-links=\"\">\u201cUma crian\u00e7a de cinco anos, todo mundo sabe, \u00e9 uma crian\u00e7a que fica inquieta. E a aluna tem que se ocupar com a filha. Se ocupa, porque fica vendo a crian\u00e7a levantar, a crian\u00e7a sentar. E, portanto, a crian\u00e7a fica chamando a aten\u00e7\u00e3o da aluna, o que faz com que ela n\u00e3o esteja atenta \u00e0 aula. Al\u00e9m disso, chama a aten\u00e7\u00e3o dos demais alunos\u201d, argumenta. <strong><em>\u00c1udio vazou &gt;&gt;&gt;&gt;<\/em><\/strong>:<a href=\"http:\/\/VEJA MAT\u00c9RIA COMPLETA\">VEJA MAT\u00c9RIA COMPLETA<\/a><\/p>\n<\/div>\n<\/div>\n","protected":false},"excerpt":{"rendered":"<p>O professor graduado e mestre em Ci\u00eancias Sociais (UFRN), doutor (Universidade de Paris Ren\u00e9 Descartes) e p\u00f3s-doutor em sociologia (UFRJ), Al\u00edpio Sousa Filho, proibiu uma aluna de assistir \u00e0s suas aulas porque ela estava acompanhada da filha de cinco anos. A estudante Waleska Maria Lopes trabalha de manh\u00e3 e de tarde e n\u00e3o tem com [&hellip;]<\/p>\n","protected":false},"author":2,"featured_media":70814,"comment_status":"open","ping_status":"open","sticky":false,"template":"","format":"standard","meta":{"footnotes":"","_links_to":"","_links_to_target":""},"categories":[1],"tags":[],"class_list":["post-70813","post","type-post","status-publish","format-standard","has-post-thumbnail","hentry","category-geral"],"views":1320,"_links":{"self":[{"href":"https:\/\/www.sudoestehoje.com.br\/novoportal\/wp-json\/wp\/v2\/posts\/70813","targetHints":{"allow":["GET"]}}],"collection":[{"href":"https:\/\/www.sudoestehoje.com.br\/novoportal\/wp-json\/wp\/v2\/posts"}],"about":[{"href":"https:\/\/www.sudoestehoje.com.br\/novoportal\/wp-json\/wp\/v2\/types\/post"}],"author":[{"embeddable":true,"href":"https:\/\/www.sudoestehoje.com.br\/novoportal\/wp-json\/wp\/v2\/users\/2"}],"replies":[{"embeddable":true,"href":"https:\/\/www.sudoestehoje.com.br\/novoportal\/wp-json\/wp\/v2\/comments?post=70813"}],"version-history":[{"count":1,"href":"https:\/\/www.sudoestehoje.com.br\/novoportal\/wp-json\/wp\/v2\/posts\/70813\/revisions"}],"predecessor-version":[{"id":70815,"href":"https:\/\/www.sudoestehoje.com.br\/novoportal\/wp-json\/wp\/v2\/posts\/70813\/revisions\/70815"}],"wp:featuredmedia":[{"embeddable":true,"href":"https:\/\/www.sudoestehoje.com.br\/novoportal\/wp-json\/wp\/v2\/media\/70814"}],"wp:attachment":[{"href":"https:\/\/www.sudoestehoje.com.br\/novoportal\/wp-json\/wp\/v2\/media?parent=70813"}],"wp:term":[{"taxonomy":"category","embeddable":true,"href":"https:\/\/www.sudoestehoje.com.br\/novoportal\/wp-json\/wp\/v2\/categories?post=70813"},{"taxonomy":"post_tag","embeddable":true,"href":"https:\/\/www.sudoestehoje.com.br\/novoportal\/wp-json\/wp\/v2\/tags?post=70813"}],"curies":[{"name":"wp","href":"https:\/\/api.w.org\/{rel}","templated":true}]}}