
{"id":70787,"date":"2018-03-07T23:25:11","date_gmt":"2018-03-08T02:25:11","guid":{"rendered":"http:\/\/www.sudoestehoje.com.br\/novoportal\/?p=70787"},"modified":"2018-03-07T23:25:11","modified_gmt":"2018-03-08T02:25:11","slug":"celas-de-prisao-da-lava-jato-viram-quartos-de-motel-em-presidio-no-rio-de-janeiro","status":"publish","type":"post","link":"https:\/\/www.sudoestehoje.com.br\/novoportal\/2018\/03\/07\/celas-de-prisao-da-lava-jato-viram-quartos-de-motel-em-presidio-no-rio-de-janeiro\/","title":{"rendered":"CELAS DE PRIS\u00c3O DA LAVA JATO VIRAM QUARTOS DE MOTEL EM PRES\u00cdDIO NO RIO DE JANEIRO"},"content":{"rendered":"<p><a href=\"http:\/\/www.sudoestehoje.com.br\/novoportal\/wp-content\/uploads\/2018\/03\/suite-com-parede-decorada-na-cadeia-de-benfica-divulgacao-MPE-RJ.jpg\"><img loading=\"lazy\" decoding=\"async\" class=\"aligncenter size-medium wp-image-70788\" src=\"http:\/\/www.sudoestehoje.com.br\/novoportal\/wp-content\/uploads\/2018\/03\/suite-com-parede-decorada-na-cadeia-de-benfica-divulgacao-MPE-RJ-500x318.jpg\" alt=\"\" width=\"500\" height=\"318\" srcset=\"https:\/\/www.sudoestehoje.com.br\/novoportal\/wp-content\/uploads\/2018\/03\/suite-com-parede-decorada-na-cadeia-de-benfica-divulgacao-MPE-RJ-500x318.jpg 500w, https:\/\/www.sudoestehoje.com.br\/novoportal\/wp-content\/uploads\/2018\/03\/suite-com-parede-decorada-na-cadeia-de-benfica-divulgacao-MPE-RJ-768x488.jpg 768w, https:\/\/www.sudoestehoje.com.br\/novoportal\/wp-content\/uploads\/2018\/03\/suite-com-parede-decorada-na-cadeia-de-benfica-divulgacao-MPE-RJ-700x445.jpg 700w, https:\/\/www.sudoestehoje.com.br\/novoportal\/wp-content\/uploads\/2018\/03\/suite-com-parede-decorada-na-cadeia-de-benfica-divulgacao-MPE-RJ.jpg 1000w\" sizes=\"auto, (max-width: 500px) 100vw, 500px\" \/><\/a><\/p>\n<p>O Minist\u00e9rio P\u00fablico Estadual do Rio encontrou quatro su\u00edtes decoradas com paredes coloridas e at\u00e9 com o desenho de um cora\u00e7\u00e3o, supostamente destinadas a visitas \u00edntimas irregulares a presos, durante fiscaliza\u00e7\u00e3o na Cadeia P\u00fablica Jos\u00e9 Frederico Marques, em Benfica, na zona norte do Rio, no dia 19.<\/p>\n<p>No local\u00a0ficam presos da Lava Jato no Rio, detentos que t\u00eam n\u00edvel superior ou que deixaram de pagar pens\u00e3o aliment\u00edcia a filhos. O ex-governador S\u00e9rgio Cabral (MDB-RJ) j\u00e1 ficou nesta cadeia, onde foi encontrada uma &#8220;sala&#8221; de cinema da cela do pol\u00edtico.<\/p>\n<p>Em fotos feitas pelo MPE, \u00e9 poss\u00edvel ver um quarto semelhante ao de um motel, com uma cama de casal, paredes pintadas de rosa e verde e luzes vermelhas. Os quartos tamb\u00e9m s\u00e3o equipados com televis\u00f5es e piso de porcelanato. No anexo, h\u00e1 um banheiro com chuveiro e cortina de pl\u00e1stico.<\/p>\n<p>O Minist\u00e9rio P\u00fablico deve instaurar um procedimento do Grupo de Atua\u00e7\u00e3o Especializada em Seguran\u00e7a P\u00fablica (Gaesp) \u00a0para apurar o caso. Em nota, o \u00f3rg\u00e3o informou que conceder\u00e1 coletiva de imprensa,\u00a0\u00e0s 15h30 desta quarta-feira, para falar sobre o que encontrou durante a fiscaliza\u00e7\u00e3o no pres\u00eddio. Tamb\u00e9m estar\u00e3o presentes o secret\u00e1rio estadual de Administra\u00e7\u00e3o Penitenci\u00e1ria (Seap), David Anthony, e a corregedora interina da Seap, Ivanete Fernanda de Ara\u00fajo. (AE)<\/p>\n","protected":false},"excerpt":{"rendered":"<p>O Minist\u00e9rio P\u00fablico Estadual do Rio encontrou quatro su\u00edtes decoradas com paredes coloridas e at\u00e9 com o desenho de um cora\u00e7\u00e3o, supostamente destinadas a visitas \u00edntimas irregulares a presos, durante fiscaliza\u00e7\u00e3o na Cadeia P\u00fablica Jos\u00e9 Frederico Marques, em Benfica, na zona norte do Rio, no dia 19. No local\u00a0ficam presos da Lava Jato no Rio, [&hellip;]<\/p>\n","protected":false},"author":2,"featured_media":70788,"comment_status":"open","ping_status":"open","sticky":false,"template":"","format":"standard","meta":{"footnotes":"","_links_to":"","_links_to_target":""},"categories":[1],"tags":[],"class_list":["post-70787","post","type-post","status-publish","format-standard","has-post-thumbnail","hentry","category-geral"],"views":1184,"_links":{"self":[{"href":"https:\/\/www.sudoestehoje.com.br\/novoportal\/wp-json\/wp\/v2\/posts\/70787","targetHints":{"allow":["GET"]}}],"collection":[{"href":"https:\/\/www.sudoestehoje.com.br\/novoportal\/wp-json\/wp\/v2\/posts"}],"about":[{"href":"https:\/\/www.sudoestehoje.com.br\/novoportal\/wp-json\/wp\/v2\/types\/post"}],"author":[{"embeddable":true,"href":"https:\/\/www.sudoestehoje.com.br\/novoportal\/wp-json\/wp\/v2\/users\/2"}],"replies":[{"embeddable":true,"href":"https:\/\/www.sudoestehoje.com.br\/novoportal\/wp-json\/wp\/v2\/comments?post=70787"}],"version-history":[{"count":3,"href":"https:\/\/www.sudoestehoje.com.br\/novoportal\/wp-json\/wp\/v2\/posts\/70787\/revisions"}],"predecessor-version":[{"id":70791,"href":"https:\/\/www.sudoestehoje.com.br\/novoportal\/wp-json\/wp\/v2\/posts\/70787\/revisions\/70791"}],"wp:featuredmedia":[{"embeddable":true,"href":"https:\/\/www.sudoestehoje.com.br\/novoportal\/wp-json\/wp\/v2\/media\/70788"}],"wp:attachment":[{"href":"https:\/\/www.sudoestehoje.com.br\/novoportal\/wp-json\/wp\/v2\/media?parent=70787"}],"wp:term":[{"taxonomy":"category","embeddable":true,"href":"https:\/\/www.sudoestehoje.com.br\/novoportal\/wp-json\/wp\/v2\/categories?post=70787"},{"taxonomy":"post_tag","embeddable":true,"href":"https:\/\/www.sudoestehoje.com.br\/novoportal\/wp-json\/wp\/v2\/tags?post=70787"}],"curies":[{"name":"wp","href":"https:\/\/api.w.org\/{rel}","templated":true}]}}