
{"id":70784,"date":"2018-03-07T21:51:08","date_gmt":"2018-03-08T00:51:08","guid":{"rendered":"http:\/\/www.sudoestehoje.com.br\/novoportal\/?p=70784"},"modified":"2018-03-07T21:51:08","modified_gmt":"2018-03-08T00:51:08","slug":"novas-placas-padrao-mercosul-comecam-a-ser-usadas-em-6-meses","status":"publish","type":"post","link":"https:\/\/www.sudoestehoje.com.br\/novoportal\/2018\/03\/07\/novas-placas-padrao-mercosul-comecam-a-ser-usadas-em-6-meses\/","title":{"rendered":"NOVAS PLACAS PADR\u00c3O MERCOSUL COME\u00c7AM A SER USADAS EM 6 MESES"},"content":{"rendered":"<p><a href=\"http:\/\/www.sudoestehoje.com.br\/novoportal\/wp-content\/uploads\/2018\/03\/PLACA-MERCOSUL.jpg\"><img loading=\"lazy\" decoding=\"async\" class=\"aligncenter size-medium wp-image-70785\" src=\"http:\/\/www.sudoestehoje.com.br\/novoportal\/wp-content\/uploads\/2018\/03\/PLACA-MERCOSUL-500x311.jpg\" alt=\"\" width=\"500\" height=\"311\" srcset=\"https:\/\/www.sudoestehoje.com.br\/novoportal\/wp-content\/uploads\/2018\/03\/PLACA-MERCOSUL-500x311.jpg 500w, https:\/\/www.sudoestehoje.com.br\/novoportal\/wp-content\/uploads\/2018\/03\/PLACA-MERCOSUL-768x478.jpg 768w, https:\/\/www.sudoestehoje.com.br\/novoportal\/wp-content\/uploads\/2018\/03\/PLACA-MERCOSUL-700x436.jpg 700w, https:\/\/www.sudoestehoje.com.br\/novoportal\/wp-content\/uploads\/2018\/03\/PLACA-MERCOSUL.jpg 940w\" sizes=\"auto, (max-width: 500px) 100vw, 500px\" \/><\/a><\/p>\n<p>O prazo para as placas de ve\u00edculos adotarem o padr\u00e3o dos pa\u00edses do Mercosul vai come\u00e7ar daqui a 6 meses, em setembro. A resolu\u00e7\u00e3o deve ser publicada nesta quinta-feira (8), no Di\u00e1rio Oficial da Uni\u00e3o.<\/p>\n<p>Primeiro, a nova placa dever\u00e1 ser usada nos modelos zero quil\u00f4metro. Os ve\u00edculos usados ter\u00e3o at\u00e9 2023 para mudar.<\/p>\n<p>A nova placa vai ter uma tarja azul, bandeira do Brasil e outra configura\u00e7\u00e3o de letras e n\u00fameros. Al\u00e9m disso, contar\u00e1 com um chip e um c\u00f3digo para facilitar a identifica\u00e7\u00e3o dos ve\u00edculos roubados ou clonados nos pa\u00edses do Mercosul.<\/p>\n<div id=\"div-gpt-ad-1504711491229-1\" data-google-query-id=\"CPqmlYG_29kCFU5HhgodYc0Eag\"><\/div>\n","protected":false},"excerpt":{"rendered":"<p>O prazo para as placas de ve\u00edculos adotarem o padr\u00e3o dos pa\u00edses do Mercosul vai come\u00e7ar daqui a 6 meses, em setembro. A resolu\u00e7\u00e3o deve ser publicada nesta quinta-feira (8), no Di\u00e1rio Oficial da Uni\u00e3o. Primeiro, a nova placa dever\u00e1 ser usada nos modelos zero quil\u00f4metro. Os ve\u00edculos usados ter\u00e3o at\u00e9 2023 para mudar. A [&hellip;]<\/p>\n","protected":false},"author":2,"featured_media":70785,"comment_status":"open","ping_status":"open","sticky":false,"template":"","format":"standard","meta":{"footnotes":"","_links_to":"","_links_to_target":""},"categories":[1],"tags":[],"class_list":["post-70784","post","type-post","status-publish","format-standard","has-post-thumbnail","hentry","category-geral"],"views":1107,"_links":{"self":[{"href":"https:\/\/www.sudoestehoje.com.br\/novoportal\/wp-json\/wp\/v2\/posts\/70784","targetHints":{"allow":["GET"]}}],"collection":[{"href":"https:\/\/www.sudoestehoje.com.br\/novoportal\/wp-json\/wp\/v2\/posts"}],"about":[{"href":"https:\/\/www.sudoestehoje.com.br\/novoportal\/wp-json\/wp\/v2\/types\/post"}],"author":[{"embeddable":true,"href":"https:\/\/www.sudoestehoje.com.br\/novoportal\/wp-json\/wp\/v2\/users\/2"}],"replies":[{"embeddable":true,"href":"https:\/\/www.sudoestehoje.com.br\/novoportal\/wp-json\/wp\/v2\/comments?post=70784"}],"version-history":[{"count":1,"href":"https:\/\/www.sudoestehoje.com.br\/novoportal\/wp-json\/wp\/v2\/posts\/70784\/revisions"}],"predecessor-version":[{"id":70786,"href":"https:\/\/www.sudoestehoje.com.br\/novoportal\/wp-json\/wp\/v2\/posts\/70784\/revisions\/70786"}],"wp:featuredmedia":[{"embeddable":true,"href":"https:\/\/www.sudoestehoje.com.br\/novoportal\/wp-json\/wp\/v2\/media\/70785"}],"wp:attachment":[{"href":"https:\/\/www.sudoestehoje.com.br\/novoportal\/wp-json\/wp\/v2\/media?parent=70784"}],"wp:term":[{"taxonomy":"category","embeddable":true,"href":"https:\/\/www.sudoestehoje.com.br\/novoportal\/wp-json\/wp\/v2\/categories?post=70784"},{"taxonomy":"post_tag","embeddable":true,"href":"https:\/\/www.sudoestehoje.com.br\/novoportal\/wp-json\/wp\/v2\/tags?post=70784"}],"curies":[{"name":"wp","href":"https:\/\/api.w.org\/{rel}","templated":true}]}}