
{"id":70781,"date":"2018-03-07T21:04:01","date_gmt":"2018-03-08T00:04:01","guid":{"rendered":"http:\/\/www.sudoestehoje.com.br\/novoportal\/?p=70781"},"modified":"2018-03-07T21:04:01","modified_gmt":"2018-03-08T00:04:01","slug":"tre-arquiva-denuncia-contra-acm-neto","status":"publish","type":"post","link":"https:\/\/www.sudoestehoje.com.br\/novoportal\/2018\/03\/07\/tre-arquiva-denuncia-contra-acm-neto\/","title":{"rendered":"TRE ARQUIVA DEN\u00daNCIA CONTRA ACM NETO"},"content":{"rendered":"<p><a href=\"http:\/\/www.sudoestehoje.com.br\/novoportal\/wp-content\/uploads\/2018\/03\/ACM-Neto_Furdun\u00e7o_foto-Valter-Pontes_SECOM9.jpg\"><img loading=\"lazy\" decoding=\"async\" class=\"aligncenter size-medium wp-image-70782\" src=\"http:\/\/www.sudoestehoje.com.br\/novoportal\/wp-content\/uploads\/2018\/03\/ACM-Neto_Furdun\u00e7o_foto-Valter-Pontes_SECOM9-500x334.jpg\" alt=\"\" width=\"500\" height=\"334\" srcset=\"https:\/\/www.sudoestehoje.com.br\/novoportal\/wp-content\/uploads\/2018\/03\/ACM-Neto_Furdun\u00e7o_foto-Valter-Pontes_SECOM9-500x334.jpg 500w, https:\/\/www.sudoestehoje.com.br\/novoportal\/wp-content\/uploads\/2018\/03\/ACM-Neto_Furdun\u00e7o_foto-Valter-Pontes_SECOM9-768x512.jpg 768w, https:\/\/www.sudoestehoje.com.br\/novoportal\/wp-content\/uploads\/2018\/03\/ACM-Neto_Furdun\u00e7o_foto-Valter-Pontes_SECOM9-700x467.jpg 700w, https:\/\/www.sudoestehoje.com.br\/novoportal\/wp-content\/uploads\/2018\/03\/ACM-Neto_Furdun\u00e7o_foto-Valter-Pontes_SECOM9.jpg 1280w\" sizes=\"auto, (max-width: 500px) 100vw, 500px\" \/><\/a><\/p>\n<p>Acusado pelos delatores da Odebrecht de receber R$ 2,2 milh\u00f5es em caixa 2 da empresa para a campanha de 2012, quando se elegeu prefeito de Salvador pela primeira vez, ACM Neto (DEM) teve a den\u00fancia arquivada por decis\u00e3o monocr\u00e1tica da ju\u00edza eleitoral Patr\u00edcia Cerqueira Kertzman Szporer.<\/p>\n<p>A queixa relatava que R$ 400 mil foram depositados, de forma legal, nas contas do Democratas. A outra parte, R$ 1,8 milh\u00e3o, teria sido repassada irregularmente. A transfer\u00eancia teria sido feita por meio do executivo da empreiteira Andr\u00e9 Vital.<\/p>\n<p>Em depoimento \u00e0 Justi\u00e7a, o prefeito negou o recebimento de dinheiro via caixa 2.<\/p>\n<p>\u201c[\u2026] Na condi\u00e7\u00e3o de candidato, toda a movimenta\u00e7\u00e3o de recursos ficava a cargo do tesoureiro respons\u00e1vel por sua campanha, cuidando o declarante basicamente da busca de votos, que o declarante obteve os documentos banc\u00e1rios do diret\u00f3rio nacional do Democratas. [\u2026] n\u00e3o tendo havido, de igual forma, qualquer alus\u00e3o nesse sentido por parte de Andr\u00e9 Vital&#8221;, justifica Neto.<\/p>\n<p>Com a cole\u00e7\u00e3o de provas e depoimentos, a ju\u00edza argumenta que \u201cos elementos n\u00e3o se afiguram bastantes para corroborar a vers\u00e3o dos fatos apresentada pelos colaboradores, n\u00e3o se identificando justa causa para a deflagra\u00e7\u00e3o de a\u00e7\u00e3o penal contra o investigado\u201d.<\/p>\n<p>\u201cCom efeito, restou minuciosamente demonstrado pelo parquet que, \u00e0 m\u00edngua de elementos a caracterizar a conduta delituosa atribu\u00edda ao investigado, invi\u00e1vel a persecu\u00e7\u00e3o criminal no caso em testilha, impondo-se o arquivamento das pe\u00e7as informativas que integram o procedimento investigat\u00f3rio sob exame\u201d, determina.<\/p>\n<p>Ap\u00f3s a apura\u00e7\u00e3o, o Minist\u00e9rio P\u00fablico Eleitoral tamb\u00e9m pediu arquivamento do caso.<\/p>\n","protected":false},"excerpt":{"rendered":"<p>Acusado pelos delatores da Odebrecht de receber R$ 2,2 milh\u00f5es em caixa 2 da empresa para a campanha de 2012, quando se elegeu prefeito de Salvador pela primeira vez, ACM Neto (DEM) teve a den\u00fancia arquivada por decis\u00e3o monocr\u00e1tica da ju\u00edza eleitoral Patr\u00edcia Cerqueira Kertzman Szporer. A queixa relatava que R$ 400 mil foram depositados, [&hellip;]<\/p>\n","protected":false},"author":2,"featured_media":70782,"comment_status":"open","ping_status":"open","sticky":false,"template":"","format":"standard","meta":{"footnotes":"","_links_to":"","_links_to_target":""},"categories":[1],"tags":[],"class_list":["post-70781","post","type-post","status-publish","format-standard","has-post-thumbnail","hentry","category-geral"],"views":1170,"_links":{"self":[{"href":"https:\/\/www.sudoestehoje.com.br\/novoportal\/wp-json\/wp\/v2\/posts\/70781","targetHints":{"allow":["GET"]}}],"collection":[{"href":"https:\/\/www.sudoestehoje.com.br\/novoportal\/wp-json\/wp\/v2\/posts"}],"about":[{"href":"https:\/\/www.sudoestehoje.com.br\/novoportal\/wp-json\/wp\/v2\/types\/post"}],"author":[{"embeddable":true,"href":"https:\/\/www.sudoestehoje.com.br\/novoportal\/wp-json\/wp\/v2\/users\/2"}],"replies":[{"embeddable":true,"href":"https:\/\/www.sudoestehoje.com.br\/novoportal\/wp-json\/wp\/v2\/comments?post=70781"}],"version-history":[{"count":1,"href":"https:\/\/www.sudoestehoje.com.br\/novoportal\/wp-json\/wp\/v2\/posts\/70781\/revisions"}],"predecessor-version":[{"id":70783,"href":"https:\/\/www.sudoestehoje.com.br\/novoportal\/wp-json\/wp\/v2\/posts\/70781\/revisions\/70783"}],"wp:featuredmedia":[{"embeddable":true,"href":"https:\/\/www.sudoestehoje.com.br\/novoportal\/wp-json\/wp\/v2\/media\/70782"}],"wp:attachment":[{"href":"https:\/\/www.sudoestehoje.com.br\/novoportal\/wp-json\/wp\/v2\/media?parent=70781"}],"wp:term":[{"taxonomy":"category","embeddable":true,"href":"https:\/\/www.sudoestehoje.com.br\/novoportal\/wp-json\/wp\/v2\/categories?post=70781"},{"taxonomy":"post_tag","embeddable":true,"href":"https:\/\/www.sudoestehoje.com.br\/novoportal\/wp-json\/wp\/v2\/tags?post=70781"}],"curies":[{"name":"wp","href":"https:\/\/api.w.org\/{rel}","templated":true}]}}