
{"id":70772,"date":"2018-03-06T21:17:39","date_gmt":"2018-03-07T00:17:39","guid":{"rendered":"http:\/\/www.sudoestehoje.com.br\/novoportal\/?p=70772"},"modified":"2018-03-06T21:53:57","modified_gmt":"2018-03-07T00:53:57","slug":"itapetinga-funcionario-da-coopardo-morre-apos-carro-capotar-na-ba-263","status":"publish","type":"post","link":"https:\/\/www.sudoestehoje.com.br\/novoportal\/2018\/03\/06\/itapetinga-funcionario-da-coopardo-morre-apos-carro-capotar-na-ba-263\/","title":{"rendered":"ITAPETINGA: FUNCION\u00c1RIO DA COOPARDO MORRE AP\u00d3S CARRO CAPOTAR NA BA-263"},"content":{"rendered":"<p><a href=\"http:\/\/www.sudoestehoje.com.br\/novoportal\/wp-content\/uploads\/2018\/03\/lucas.jpg\"><img loading=\"lazy\" decoding=\"async\" class=\"aligncenter size-medium wp-image-70773\" src=\"http:\/\/www.sudoestehoje.com.br\/novoportal\/wp-content\/uploads\/2018\/03\/lucas-500x302.jpg\" alt=\"\" width=\"500\" height=\"302\" srcset=\"https:\/\/www.sudoestehoje.com.br\/novoportal\/wp-content\/uploads\/2018\/03\/lucas-500x302.jpg 500w, https:\/\/www.sudoestehoje.com.br\/novoportal\/wp-content\/uploads\/2018\/03\/lucas.jpg 529w\" sizes=\"auto, (max-width: 500px) 100vw, 500px\" \/><\/a><\/p>\n<p>Na tarde desta ter\u00e7a-feira, um grave acidente ceifou a vida do funcion\u00e1rio da Coopardo, Lucas, de 37 anos, ap\u00f3s seu carro capotar em uma curva na regi\u00e3o dos Tr\u00eas Riachos, a cerca de 17 quil\u00f4metros de Itamb\u00e9.<\/p>\n<p>Segundo informa\u00e7\u00f5es colhidas pelo blog, outra pessoa, ainda n\u00e3o identificada, estaria viajando de carona no ve\u00edculo, no momento do acidente, mas que teria sido socorrida e atendida antes de Lucas, com pequenos ferimentos e fratura em um dos bra\u00e7os, em uma unidade de sa\u00fade em Itapetinga.<\/p>\n<p>O corpo de Lucas, j\u00e1 sem vida, foi removido do local do acidente no final da tarde e conduzido ao IML de Itapetinga, para realiza\u00e7\u00e3o de necr\u00f3psia.<\/p>\n<p>Lucas deixa esposa e uma filha.<\/p>\n<p><strong><em>Reda\u00e7\u00e3o SH<\/em><\/strong><\/p>\n","protected":false},"excerpt":{"rendered":"<p>Na tarde desta ter\u00e7a-feira, um grave acidente ceifou a vida do funcion\u00e1rio da Coopardo, Lucas, de 37 anos, ap\u00f3s seu carro capotar em uma curva na regi\u00e3o dos Tr\u00eas Riachos, a cerca de 17 quil\u00f4metros de Itamb\u00e9. Segundo informa\u00e7\u00f5es colhidas pelo blog, outra pessoa, ainda n\u00e3o identificada, estaria viajando de carona no ve\u00edculo, no momento [&hellip;]<\/p>\n","protected":false},"author":2,"featured_media":70773,"comment_status":"open","ping_status":"open","sticky":false,"template":"","format":"standard","meta":{"footnotes":"","_links_to":"","_links_to_target":""},"categories":[1],"tags":[],"class_list":["post-70772","post","type-post","status-publish","format-standard","has-post-thumbnail","hentry","category-geral"],"views":2784,"_links":{"self":[{"href":"https:\/\/www.sudoestehoje.com.br\/novoportal\/wp-json\/wp\/v2\/posts\/70772","targetHints":{"allow":["GET"]}}],"collection":[{"href":"https:\/\/www.sudoestehoje.com.br\/novoportal\/wp-json\/wp\/v2\/posts"}],"about":[{"href":"https:\/\/www.sudoestehoje.com.br\/novoportal\/wp-json\/wp\/v2\/types\/post"}],"author":[{"embeddable":true,"href":"https:\/\/www.sudoestehoje.com.br\/novoportal\/wp-json\/wp\/v2\/users\/2"}],"replies":[{"embeddable":true,"href":"https:\/\/www.sudoestehoje.com.br\/novoportal\/wp-json\/wp\/v2\/comments?post=70772"}],"version-history":[{"count":4,"href":"https:\/\/www.sudoestehoje.com.br\/novoportal\/wp-json\/wp\/v2\/posts\/70772\/revisions"}],"predecessor-version":[{"id":70777,"href":"https:\/\/www.sudoestehoje.com.br\/novoportal\/wp-json\/wp\/v2\/posts\/70772\/revisions\/70777"}],"wp:featuredmedia":[{"embeddable":true,"href":"https:\/\/www.sudoestehoje.com.br\/novoportal\/wp-json\/wp\/v2\/media\/70773"}],"wp:attachment":[{"href":"https:\/\/www.sudoestehoje.com.br\/novoportal\/wp-json\/wp\/v2\/media?parent=70772"}],"wp:term":[{"taxonomy":"category","embeddable":true,"href":"https:\/\/www.sudoestehoje.com.br\/novoportal\/wp-json\/wp\/v2\/categories?post=70772"},{"taxonomy":"post_tag","embeddable":true,"href":"https:\/\/www.sudoestehoje.com.br\/novoportal\/wp-json\/wp\/v2\/tags?post=70772"}],"curies":[{"name":"wp","href":"https:\/\/api.w.org\/{rel}","templated":true}]}}