
{"id":70767,"date":"2018-03-06T20:31:11","date_gmt":"2018-03-06T23:31:11","guid":{"rendered":"http:\/\/www.sudoestehoje.com.br\/novoportal\/?p=70767"},"modified":"2018-03-06T20:31:11","modified_gmt":"2018-03-06T23:31:11","slug":"stj-nega-habeas-corpus-preventivo-a-lula","status":"publish","type":"post","link":"https:\/\/www.sudoestehoje.com.br\/novoportal\/2018\/03\/06\/stj-nega-habeas-corpus-preventivo-a-lula\/","title":{"rendered":"STJ NEGA HABEAS CORPUS PREVENTIVO A LULA"},"content":{"rendered":"<p><a href=\"http:\/\/www.sudoestehoje.com.br\/novoportal\/wp-content\/uploads\/2018\/03\/por-5-a-0-stj-decide-que-lula-pode-ser.jpg\"><img loading=\"lazy\" decoding=\"async\" class=\"aligncenter size-medium wp-image-70770\" src=\"http:\/\/www.sudoestehoje.com.br\/novoportal\/wp-content\/uploads\/2018\/03\/por-5-a-0-stj-decide-que-lula-pode-ser-500x244.jpg\" alt=\"\" width=\"500\" height=\"244\" srcset=\"https:\/\/www.sudoestehoje.com.br\/novoportal\/wp-content\/uploads\/2018\/03\/por-5-a-0-stj-decide-que-lula-pode-ser-500x244.jpg 500w, https:\/\/www.sudoestehoje.com.br\/novoportal\/wp-content\/uploads\/2018\/03\/por-5-a-0-stj-decide-que-lula-pode-ser.jpg 615w\" sizes=\"auto, (max-width: 500px) 100vw, 500px\" \/><\/a><\/p>\n<p>Por cinco votos a zero, o Superior Tribunal de Justi\u00e7a (STJ) negou nesta ter\u00e7a-feira (6), pedido de habeas corpus preventivo do ex-presidente Lula contra execu\u00e7\u00e3o da pena a ele imposta de 12 anos e um m\u00eas de pris\u00e3o no processo do caso triplex.<\/p>\n<p>A vota\u00e7\u00e3o un\u00e2nime esmaga mais uma ofensiva da defesa e p\u00f5e Lula no caminho da cadeia \u2013 o que poder\u00e1 ocorrer t\u00e3o logo sejam esgotados os recursos ainda cab\u00edveis contra a condena\u00e7\u00e3o no \u00e2mbito do Tribunal Regional Federal da 4.\u00aa Regi\u00e3o (TRF-4), o Tribunal da Lava Jato.<\/p>\n<p>Com o rev\u00e9s sofrido no STJ, resta a Lula o Supremo Tribunal Federal. Em fevereiro, o ministro Edson Fachin negou liminarmente um pedido de habeas corpus do ex-presidente, semelhante ao apresentado ao STJ.<\/p>\n<p>Na ocasi\u00e3o, Fachin mandou o caso para o plen\u00e1rio da Corte m\u00e1xima. Cabe a presidente C\u00e1rmen L\u00facia estabelecer uma data para por em pauta o apelo de Lula.<\/p>\n","protected":false},"excerpt":{"rendered":"<p>Por cinco votos a zero, o Superior Tribunal de Justi\u00e7a (STJ) negou nesta ter\u00e7a-feira (6), pedido de habeas corpus preventivo do ex-presidente Lula contra execu\u00e7\u00e3o da pena a ele imposta de 12 anos e um m\u00eas de pris\u00e3o no processo do caso triplex. A vota\u00e7\u00e3o un\u00e2nime esmaga mais uma ofensiva da defesa e p\u00f5e Lula [&hellip;]<\/p>\n","protected":false},"author":2,"featured_media":70770,"comment_status":"open","ping_status":"open","sticky":false,"template":"","format":"standard","meta":{"footnotes":"","_links_to":"","_links_to_target":""},"categories":[1],"tags":[],"class_list":["post-70767","post","type-post","status-publish","format-standard","has-post-thumbnail","hentry","category-geral"],"views":1080,"_links":{"self":[{"href":"https:\/\/www.sudoestehoje.com.br\/novoportal\/wp-json\/wp\/v2\/posts\/70767","targetHints":{"allow":["GET"]}}],"collection":[{"href":"https:\/\/www.sudoestehoje.com.br\/novoportal\/wp-json\/wp\/v2\/posts"}],"about":[{"href":"https:\/\/www.sudoestehoje.com.br\/novoportal\/wp-json\/wp\/v2\/types\/post"}],"author":[{"embeddable":true,"href":"https:\/\/www.sudoestehoje.com.br\/novoportal\/wp-json\/wp\/v2\/users\/2"}],"replies":[{"embeddable":true,"href":"https:\/\/www.sudoestehoje.com.br\/novoportal\/wp-json\/wp\/v2\/comments?post=70767"}],"version-history":[{"count":3,"href":"https:\/\/www.sudoestehoje.com.br\/novoportal\/wp-json\/wp\/v2\/posts\/70767\/revisions"}],"predecessor-version":[{"id":70771,"href":"https:\/\/www.sudoestehoje.com.br\/novoportal\/wp-json\/wp\/v2\/posts\/70767\/revisions\/70771"}],"wp:featuredmedia":[{"embeddable":true,"href":"https:\/\/www.sudoestehoje.com.br\/novoportal\/wp-json\/wp\/v2\/media\/70770"}],"wp:attachment":[{"href":"https:\/\/www.sudoestehoje.com.br\/novoportal\/wp-json\/wp\/v2\/media?parent=70767"}],"wp:term":[{"taxonomy":"category","embeddable":true,"href":"https:\/\/www.sudoestehoje.com.br\/novoportal\/wp-json\/wp\/v2\/categories?post=70767"},{"taxonomy":"post_tag","embeddable":true,"href":"https:\/\/www.sudoestehoje.com.br\/novoportal\/wp-json\/wp\/v2\/tags?post=70767"}],"curies":[{"name":"wp","href":"https:\/\/api.w.org\/{rel}","templated":true}]}}