
{"id":70763,"date":"2018-03-05T22:31:19","date_gmt":"2018-03-06T01:31:19","guid":{"rendered":"http:\/\/www.sudoestehoje.com.br\/novoportal\/?p=70763"},"modified":"2018-03-05T22:31:19","modified_gmt":"2018-03-06T01:31:19","slug":"tcu-barra-liberacao-de-recursos-federais-para-construcao-da-barragem-do-catole","status":"publish","type":"post","link":"https:\/\/www.sudoestehoje.com.br\/novoportal\/2018\/03\/05\/tcu-barra-liberacao-de-recursos-federais-para-construcao-da-barragem-do-catole\/","title":{"rendered":"TCU BARRA LIBERA\u00c7\u00c3O DE RECURSOS FEDERAIS PARA CONSTRU\u00c7\u00c3O DA BARRAGEM DO CATOL\u00c9"},"content":{"rendered":"<p><a href=\"http:\/\/www.sudoestehoje.com.br\/novoportal\/wp-content\/uploads\/2018\/03\/adutora-rio-catole-2.jpg\"><img loading=\"lazy\" decoding=\"async\" class=\"aligncenter size-medium wp-image-70765\" src=\"http:\/\/www.sudoestehoje.com.br\/novoportal\/wp-content\/uploads\/2018\/03\/adutora-rio-catole-2-500x300.jpg\" alt=\"\" width=\"500\" height=\"300\" \/><\/a><\/p>\n<p>O Tribunal de Contas da Uni\u00e3o (TCU) analisou representa\u00e7\u00e3o formulada pela Procuradoria da Rep\u00fablica em Vit\u00f3ria da Conquista sobre poss\u00edveis irregularidades na contrata\u00e7\u00e3o das obras de represamento do Rio Catol\u00e9, em Barra do Cho\u00e7a, equipamento que ir\u00e1 beneficiar Vit\u00f3ria da Conquista, Belo Campo e Tremedal.<\/p>\n<p>Por n\u00e3o observarem legisla\u00e7\u00e3o ambiental, as obras n\u00e3o obtiveram licen\u00e7a e s\u00f3 receber\u00e3o recursos federais ap\u00f3s regulariza\u00e7\u00e3o da documenta\u00e7\u00e3o necess\u00e1ria.<\/p>\n<p>As obras ser\u00e3o custeadas via termo de compromisso entre o Governo do Estado da Bahia, por meio da Empresa Baiana de \u00c1guas e Saneamento (EMBASA), e a Uni\u00e3o, representada pelo Minist\u00e9rio das Cidades.<\/p>\n<p>O valor total \u00e9 de R$ 141 milh\u00f5es, dos quais R$ 14 milh\u00f5es s\u00e3o do Governo da Bahia. O restante \u00e9 proveniente de recursos federais.\u00a0<span id=\"more-381634\"><\/span><\/p>\n<p>&nbsp;<\/p>\n","protected":false},"excerpt":{"rendered":"<p>O Tribunal de Contas da Uni\u00e3o (TCU) analisou representa\u00e7\u00e3o formulada pela Procuradoria da Rep\u00fablica em Vit\u00f3ria da Conquista sobre poss\u00edveis irregularidades na contrata\u00e7\u00e3o das obras de represamento do Rio Catol\u00e9, em Barra do Cho\u00e7a, equipamento que ir\u00e1 beneficiar Vit\u00f3ria da Conquista, Belo Campo e Tremedal. Por n\u00e3o observarem legisla\u00e7\u00e3o ambiental, as obras n\u00e3o obtiveram licen\u00e7a [&hellip;]<\/p>\n","protected":false},"author":2,"featured_media":70765,"comment_status":"open","ping_status":"open","sticky":false,"template":"","format":"standard","meta":{"footnotes":"","_links_to":"","_links_to_target":""},"categories":[1],"tags":[],"class_list":["post-70763","post","type-post","status-publish","format-standard","has-post-thumbnail","hentry","category-geral"],"views":1445,"_links":{"self":[{"href":"https:\/\/www.sudoestehoje.com.br\/novoportal\/wp-json\/wp\/v2\/posts\/70763","targetHints":{"allow":["GET"]}}],"collection":[{"href":"https:\/\/www.sudoestehoje.com.br\/novoportal\/wp-json\/wp\/v2\/posts"}],"about":[{"href":"https:\/\/www.sudoestehoje.com.br\/novoportal\/wp-json\/wp\/v2\/types\/post"}],"author":[{"embeddable":true,"href":"https:\/\/www.sudoestehoje.com.br\/novoportal\/wp-json\/wp\/v2\/users\/2"}],"replies":[{"embeddable":true,"href":"https:\/\/www.sudoestehoje.com.br\/novoportal\/wp-json\/wp\/v2\/comments?post=70763"}],"version-history":[{"count":2,"href":"https:\/\/www.sudoestehoje.com.br\/novoportal\/wp-json\/wp\/v2\/posts\/70763\/revisions"}],"predecessor-version":[{"id":70766,"href":"https:\/\/www.sudoestehoje.com.br\/novoportal\/wp-json\/wp\/v2\/posts\/70763\/revisions\/70766"}],"wp:featuredmedia":[{"embeddable":true,"href":"https:\/\/www.sudoestehoje.com.br\/novoportal\/wp-json\/wp\/v2\/media\/70765"}],"wp:attachment":[{"href":"https:\/\/www.sudoestehoje.com.br\/novoportal\/wp-json\/wp\/v2\/media?parent=70763"}],"wp:term":[{"taxonomy":"category","embeddable":true,"href":"https:\/\/www.sudoestehoje.com.br\/novoportal\/wp-json\/wp\/v2\/categories?post=70763"},{"taxonomy":"post_tag","embeddable":true,"href":"https:\/\/www.sudoestehoje.com.br\/novoportal\/wp-json\/wp\/v2\/tags?post=70763"}],"curies":[{"name":"wp","href":"https:\/\/api.w.org\/{rel}","templated":true}]}}