
{"id":70757,"date":"2018-03-05T21:33:53","date_gmt":"2018-03-06T00:33:53","guid":{"rendered":"http:\/\/www.sudoestehoje.com.br\/novoportal\/?p=70757"},"modified":"2018-03-05T21:33:53","modified_gmt":"2018-03-06T00:33:53","slug":"sobre-seu-nome-na-chapa-de-rui-antonio-brito-diz-que-decisao-sera-conjunta","status":"publish","type":"post","link":"https:\/\/www.sudoestehoje.com.br\/novoportal\/2018\/03\/05\/sobre-seu-nome-na-chapa-de-rui-antonio-brito-diz-que-decisao-sera-conjunta\/","title":{"rendered":"SOBRE SEU NOME NA CHAPA DE RUI, ANT\u00d4NIO BRITO DIZ QUE DECIS\u00c3O SER\u00c1 CONJUNTA"},"content":{"rendered":"<p><a href=\"http:\/\/www.sudoestehoje.com.br\/novoportal\/wp-content\/uploads\/2018\/03\/BRITO-CAND.jpg\"><img loading=\"lazy\" decoding=\"async\" class=\"aligncenter size-medium wp-image-70759\" src=\"http:\/\/www.sudoestehoje.com.br\/novoportal\/wp-content\/uploads\/2018\/03\/BRITO-CAND-500x281.jpg\" alt=\"\" width=\"500\" height=\"281\" srcset=\"https:\/\/www.sudoestehoje.com.br\/novoportal\/wp-content\/uploads\/2018\/03\/BRITO-CAND-500x281.jpg 500w, https:\/\/www.sudoestehoje.com.br\/novoportal\/wp-content\/uploads\/2018\/03\/BRITO-CAND-768x431.jpg 768w, https:\/\/www.sudoestehoje.com.br\/novoportal\/wp-content\/uploads\/2018\/03\/BRITO-CAND-700x393.jpg 700w, https:\/\/www.sudoestehoje.com.br\/novoportal\/wp-content\/uploads\/2018\/03\/BRITO-CAND.jpg 890w\" sizes=\"auto, (max-width: 500px) 100vw, 500px\" \/><\/a><\/p>\n<p><span style=\"font-family: 'Arial','sans-serif'; color: #333333;\">O deputado federal Ant\u00f4nio Britto, que tem seu nome especulado para compor a chapa majorit\u00e1ria encabe\u00e7ada pelo governador Rui Costa (PT) se esquivou quando indagado se seu nome est\u00e1 a disposi\u00e7\u00e3o do partido para pleitear a vaga.<\/span><\/p>\n<p style=\"font-variant-ligatures: normal; font-variant-caps: normal; orphans: 2; text-align: start; widows: 2; -webkit-text-stroke-width: 0px; text-decoration-style: initial; text-decoration-color: initial; word-spacing: 0px;\"><em><span style=\"font-family: 'Arial','sans-serif'; color: #333333;\">\u201cEstou seguindo as orienta\u00e7\u00f5es partid\u00e1rias do senador Otto, trabalhando, pr\u00e9-candidato a deputado federal [&#8230;] aguardando a decis\u00e3o.<\/span><\/em><span style=\"font-family: 'Arial','sans-serif'; color: #333333;\">\u00a0<em><span style=\"font-family: 'Arial','sans-serif';\">Essa decis\u00e3o \u00e9 conjunta, vai depender do PSD, PR, PT, do nosso governador Rui Costa, aguardando para que as decis\u00f5es ocorram no momento certo\u201d<\/span><\/em>, disse durante Encontro Estadual do PSD, nesta segunda-feira (5) na UPB.\u00a0<\/span><\/p>\n<p style=\"font-variant-ligatures: normal; font-variant-caps: normal; orphans: 2; text-align: start; widows: 2; -webkit-text-stroke-width: 0px; text-decoration-style: initial; text-decoration-color: initial; word-spacing: 0px;\"><span style=\"font-family: 'Arial','sans-serif'; color: #333333;\">Ainda conforme Brito, o encontro j\u00e1 aconteceu em Irec\u00ea, Santo Ant\u00f4nio de Jesus e o pr\u00f3ximo munic\u00edpio ser\u00e1 Jequi\u00e9. \u201cTrabalhar as bases pois 2020 n\u00e3o vai ter coliga\u00e7\u00e3o, ent\u00e3o os partidos t\u00eam que come\u00e7ar o mais cedo poss\u00edvel a filiar para que possamos ter candidaturas fortes\u201d, pontuou. \/\/<em><span style=\"font-family: 'Arial','sans-serif';\">Boc\u00e3o News<\/span><\/em><\/span><\/p>\n","protected":false},"excerpt":{"rendered":"<p>O deputado federal Ant\u00f4nio Britto, que tem seu nome especulado para compor a chapa majorit\u00e1ria encabe\u00e7ada pelo governador Rui Costa (PT) se esquivou quando indagado se seu nome est\u00e1 a disposi\u00e7\u00e3o do partido para pleitear a vaga. \u201cEstou seguindo as orienta\u00e7\u00f5es partid\u00e1rias do senador Otto, trabalhando, pr\u00e9-candidato a deputado federal [&#8230;] aguardando a decis\u00e3o.\u00a0Essa decis\u00e3o [&hellip;]<\/p>\n","protected":false},"author":2,"featured_media":70759,"comment_status":"open","ping_status":"open","sticky":false,"template":"","format":"standard","meta":{"footnotes":"","_links_to":"","_links_to_target":""},"categories":[1],"tags":[],"class_list":["post-70757","post","type-post","status-publish","format-standard","has-post-thumbnail","hentry","category-geral"],"views":1232,"_links":{"self":[{"href":"https:\/\/www.sudoestehoje.com.br\/novoportal\/wp-json\/wp\/v2\/posts\/70757","targetHints":{"allow":["GET"]}}],"collection":[{"href":"https:\/\/www.sudoestehoje.com.br\/novoportal\/wp-json\/wp\/v2\/posts"}],"about":[{"href":"https:\/\/www.sudoestehoje.com.br\/novoportal\/wp-json\/wp\/v2\/types\/post"}],"author":[{"embeddable":true,"href":"https:\/\/www.sudoestehoje.com.br\/novoportal\/wp-json\/wp\/v2\/users\/2"}],"replies":[{"embeddable":true,"href":"https:\/\/www.sudoestehoje.com.br\/novoportal\/wp-json\/wp\/v2\/comments?post=70757"}],"version-history":[{"count":4,"href":"https:\/\/www.sudoestehoje.com.br\/novoportal\/wp-json\/wp\/v2\/posts\/70757\/revisions"}],"predecessor-version":[{"id":70762,"href":"https:\/\/www.sudoestehoje.com.br\/novoportal\/wp-json\/wp\/v2\/posts\/70757\/revisions\/70762"}],"wp:featuredmedia":[{"embeddable":true,"href":"https:\/\/www.sudoestehoje.com.br\/novoportal\/wp-json\/wp\/v2\/media\/70759"}],"wp:attachment":[{"href":"https:\/\/www.sudoestehoje.com.br\/novoportal\/wp-json\/wp\/v2\/media?parent=70757"}],"wp:term":[{"taxonomy":"category","embeddable":true,"href":"https:\/\/www.sudoestehoje.com.br\/novoportal\/wp-json\/wp\/v2\/categories?post=70757"},{"taxonomy":"post_tag","embeddable":true,"href":"https:\/\/www.sudoestehoje.com.br\/novoportal\/wp-json\/wp\/v2\/tags?post=70757"}],"curies":[{"name":"wp","href":"https:\/\/api.w.org\/{rel}","templated":true}]}}