
{"id":70734,"date":"2018-03-02T23:20:16","date_gmt":"2018-03-03T02:20:16","guid":{"rendered":"http:\/\/www.sudoestehoje.com.br\/novoportal\/?p=70734"},"modified":"2018-03-03T00:05:48","modified_gmt":"2018-03-03T03:05:48","slug":"construcao-da-nova-sede-da-oab-depende-de-aprovacao-da-camara-de-vereadores","status":"publish","type":"post","link":"https:\/\/www.sudoestehoje.com.br\/novoportal\/2018\/03\/02\/construcao-da-nova-sede-da-oab-depende-de-aprovacao-da-camara-de-vereadores\/","title":{"rendered":"CONSTRU\u00c7\u00c3O DA NOVA SEDE DA OAB DEPENDE DE APROVA\u00c7\u00c3O DA C\u00c2MARA DE VEREADORES"},"content":{"rendered":"<p><a href=\"http:\/\/www.sudoestehoje.com.br\/novoportal\/wp-content\/uploads\/2018\/03\/NOVA-SEDE-OAB.jpg\"><img loading=\"lazy\" decoding=\"async\" class=\"aligncenter size-medium wp-image-70737\" src=\"http:\/\/www.sudoestehoje.com.br\/novoportal\/wp-content\/uploads\/2018\/03\/NOVA-SEDE-OAB-500x274.jpg\" alt=\"\" width=\"500\" height=\"274\" srcset=\"https:\/\/www.sudoestehoje.com.br\/novoportal\/wp-content\/uploads\/2018\/03\/NOVA-SEDE-OAB-500x274.jpg 500w, https:\/\/www.sudoestehoje.com.br\/novoportal\/wp-content\/uploads\/2018\/03\/NOVA-SEDE-OAB-768x421.jpg 768w, https:\/\/www.sudoestehoje.com.br\/novoportal\/wp-content\/uploads\/2018\/03\/NOVA-SEDE-OAB-700x384.jpg 700w, https:\/\/www.sudoestehoje.com.br\/novoportal\/wp-content\/uploads\/2018\/03\/NOVA-SEDE-OAB.jpg 1400w\" sizes=\"auto, (max-width: 500px) 100vw, 500px\" \/><\/a><\/p>\n<p>Tramita na C\u00e2mara de Vereadores de Itapetinga, projeto de lei que autoriza o munic\u00edpio a doar uma \u00e1rea de terras, no bairro Morumbi, para constru\u00e7\u00e3o da nova sede da Ordem dos Advogados do Brasil em Itapetinga, cujo projeto j\u00e1 est\u00e1 aprovado pelos conselhos federal e estadual da Ordem, com os recursos liberados.<\/p>\n<p>Segundo o presidente da seccional da OAB de Itapetinga, Fabr\u00edcio Moreira, ser\u00e1 utilizada m\u00e3o de obra local durante a obra, gerando dezenas de empregos na cidade, sem falar que todo o material utilizado na constru\u00e7\u00e3o ser\u00e1 adquirido no com\u00e9rcio local. Os recursos t\u00eam prazo certo para aplica\u00e7\u00e3o, sob pena de serem devolvidos.<\/p>\n<p>Na sess\u00e3o da \u00faltima quinta-feira (1), o projeto de lei que autoriza a doa\u00e7\u00e3o do terreno chegou a ser colocado em pauta, mas acabou sendo retirado em virtude de uma manobra do vereador Romildo Teixeira (PSL), atrav\u00e9s de um pedido de &#8216;vistas&#8217;, o que pode ser repetido pelos outros vereadores de oposi\u00e7\u00e3o, nas pr\u00f3ximas sess\u00f5es, se n\u00e3o houver bom senso por parte dos ilustres representantes da comunidade.<\/p>\n<p>Vamos torcer e aguardar para que o bom senso supere a birra pol\u00edtica e insensatez de alguns.<\/p>\n<p><strong><em>Por Davi Ferraz<\/em><\/strong><em> (Imagem Ilustrativa)<\/em><\/p>\n","protected":false},"excerpt":{"rendered":"<p>Tramita na C\u00e2mara de Vereadores de Itapetinga, projeto de lei que autoriza o munic\u00edpio a doar uma \u00e1rea de terras, no bairro Morumbi, para constru\u00e7\u00e3o da nova sede da Ordem dos Advogados do Brasil em Itapetinga, cujo projeto j\u00e1 est\u00e1 aprovado pelos conselhos federal e estadual da Ordem, com os recursos liberados. Segundo o presidente [&hellip;]<\/p>\n","protected":false},"author":2,"featured_media":70737,"comment_status":"open","ping_status":"open","sticky":false,"template":"","format":"standard","meta":{"footnotes":"","_links_to":"","_links_to_target":""},"categories":[1],"tags":[],"class_list":["post-70734","post","type-post","status-publish","format-standard","has-post-thumbnail","hentry","category-geral"],"views":1933,"_links":{"self":[{"href":"https:\/\/www.sudoestehoje.com.br\/novoportal\/wp-json\/wp\/v2\/posts\/70734","targetHints":{"allow":["GET"]}}],"collection":[{"href":"https:\/\/www.sudoestehoje.com.br\/novoportal\/wp-json\/wp\/v2\/posts"}],"about":[{"href":"https:\/\/www.sudoestehoje.com.br\/novoportal\/wp-json\/wp\/v2\/types\/post"}],"author":[{"embeddable":true,"href":"https:\/\/www.sudoestehoje.com.br\/novoportal\/wp-json\/wp\/v2\/users\/2"}],"replies":[{"embeddable":true,"href":"https:\/\/www.sudoestehoje.com.br\/novoportal\/wp-json\/wp\/v2\/comments?post=70734"}],"version-history":[{"count":7,"href":"https:\/\/www.sudoestehoje.com.br\/novoportal\/wp-json\/wp\/v2\/posts\/70734\/revisions"}],"predecessor-version":[{"id":70742,"href":"https:\/\/www.sudoestehoje.com.br\/novoportal\/wp-json\/wp\/v2\/posts\/70734\/revisions\/70742"}],"wp:featuredmedia":[{"embeddable":true,"href":"https:\/\/www.sudoestehoje.com.br\/novoportal\/wp-json\/wp\/v2\/media\/70737"}],"wp:attachment":[{"href":"https:\/\/www.sudoestehoje.com.br\/novoportal\/wp-json\/wp\/v2\/media?parent=70734"}],"wp:term":[{"taxonomy":"category","embeddable":true,"href":"https:\/\/www.sudoestehoje.com.br\/novoportal\/wp-json\/wp\/v2\/categories?post=70734"},{"taxonomy":"post_tag","embeddable":true,"href":"https:\/\/www.sudoestehoje.com.br\/novoportal\/wp-json\/wp\/v2\/tags?post=70734"}],"curies":[{"name":"wp","href":"https:\/\/api.w.org\/{rel}","templated":true}]}}