
{"id":70728,"date":"2018-03-02T22:40:46","date_gmt":"2018-03-03T01:40:46","guid":{"rendered":"http:\/\/www.sudoestehoje.com.br\/novoportal\/?p=70728"},"modified":"2018-03-02T22:40:46","modified_gmt":"2018-03-03T01:40:46","slug":"itabuna-justica-manda-exonerar-esposa-e-sobrinho-do-prefeito-fernando-gomes","status":"publish","type":"post","link":"https:\/\/www.sudoestehoje.com.br\/novoportal\/2018\/03\/02\/itabuna-justica-manda-exonerar-esposa-e-sobrinho-do-prefeito-fernando-gomes\/","title":{"rendered":"ITABUNA: JUSTI\u00c7A MANDA EXONERAR ESPOSA E SOBRINHO DO PREFEITO FERNANDO GOMES"},"content":{"rendered":"<p><a href=\"http:\/\/www.sudoestehoje.com.br\/novoportal\/wp-content\/uploads\/2018\/03\/FERNANDO-G.jpg\"><img loading=\"lazy\" decoding=\"async\" class=\"aligncenter size-medium wp-image-70729\" src=\"http:\/\/www.sudoestehoje.com.br\/novoportal\/wp-content\/uploads\/2018\/03\/FERNANDO-G-500x333.jpg\" alt=\"\" width=\"500\" height=\"333\" srcset=\"https:\/\/www.sudoestehoje.com.br\/novoportal\/wp-content\/uploads\/2018\/03\/FERNANDO-G-500x333.jpg 500w, https:\/\/www.sudoestehoje.com.br\/novoportal\/wp-content\/uploads\/2018\/03\/FERNANDO-G.jpg 640w\" sizes=\"auto, (max-width: 500px) 100vw, 500px\" \/><\/a><\/p>\n<p>Atendendo pedido do Minist\u00e9rio P\u00fablico Estadual, o juiz da vara da fazenda p\u00fablica, Ulisses Maynard, acatou a a\u00e7\u00e3o civil p\u00fablica movida pelo promotor Inoc\u00eancio Carvalho e determinou a exonera\u00e7\u00e3o da esposa do prefeito, Sandra Neilma Ramos Costa, secret\u00e1ria de Assist\u00eancia Social, e do sobrinho, Dinailson Oliveira, o Son Gomes, secret\u00e1rio de administra\u00e7\u00e3o, sob pena de multa di\u00e1ria no valor da remunera\u00e7\u00e3o do cargo ocupado.<\/p>\n<p>De acordo com o Minist\u00e9rio P\u00fablico Estadual, al\u00e9m de parentes, os dois n\u00e3o t\u00eam qualifica\u00e7\u00e3o t\u00e9cnica para os cargos que ocupam. Sandra Neilma e Son Gomes t\u00eam apenas o Ensino M\u00e9dio completo.<\/p>\n","protected":false},"excerpt":{"rendered":"<p>Atendendo pedido do Minist\u00e9rio P\u00fablico Estadual, o juiz da vara da fazenda p\u00fablica, Ulisses Maynard, acatou a a\u00e7\u00e3o civil p\u00fablica movida pelo promotor Inoc\u00eancio Carvalho e determinou a exonera\u00e7\u00e3o da esposa do prefeito, Sandra Neilma Ramos Costa, secret\u00e1ria de Assist\u00eancia Social, e do sobrinho, Dinailson Oliveira, o Son Gomes, secret\u00e1rio de administra\u00e7\u00e3o, sob pena de [&hellip;]<\/p>\n","protected":false},"author":2,"featured_media":70729,"comment_status":"open","ping_status":"open","sticky":false,"template":"","format":"standard","meta":{"footnotes":"","_links_to":"","_links_to_target":""},"categories":[1],"tags":[],"class_list":["post-70728","post","type-post","status-publish","format-standard","has-post-thumbnail","hentry","category-geral"],"views":2952,"_links":{"self":[{"href":"https:\/\/www.sudoestehoje.com.br\/novoportal\/wp-json\/wp\/v2\/posts\/70728","targetHints":{"allow":["GET"]}}],"collection":[{"href":"https:\/\/www.sudoestehoje.com.br\/novoportal\/wp-json\/wp\/v2\/posts"}],"about":[{"href":"https:\/\/www.sudoestehoje.com.br\/novoportal\/wp-json\/wp\/v2\/types\/post"}],"author":[{"embeddable":true,"href":"https:\/\/www.sudoestehoje.com.br\/novoportal\/wp-json\/wp\/v2\/users\/2"}],"replies":[{"embeddable":true,"href":"https:\/\/www.sudoestehoje.com.br\/novoportal\/wp-json\/wp\/v2\/comments?post=70728"}],"version-history":[{"count":4,"href":"https:\/\/www.sudoestehoje.com.br\/novoportal\/wp-json\/wp\/v2\/posts\/70728\/revisions"}],"predecessor-version":[{"id":70733,"href":"https:\/\/www.sudoestehoje.com.br\/novoportal\/wp-json\/wp\/v2\/posts\/70728\/revisions\/70733"}],"wp:featuredmedia":[{"embeddable":true,"href":"https:\/\/www.sudoestehoje.com.br\/novoportal\/wp-json\/wp\/v2\/media\/70729"}],"wp:attachment":[{"href":"https:\/\/www.sudoestehoje.com.br\/novoportal\/wp-json\/wp\/v2\/media?parent=70728"}],"wp:term":[{"taxonomy":"category","embeddable":true,"href":"https:\/\/www.sudoestehoje.com.br\/novoportal\/wp-json\/wp\/v2\/categories?post=70728"},{"taxonomy":"post_tag","embeddable":true,"href":"https:\/\/www.sudoestehoje.com.br\/novoportal\/wp-json\/wp\/v2\/tags?post=70728"}],"curies":[{"name":"wp","href":"https:\/\/api.w.org\/{rel}","templated":true}]}}