
{"id":70723,"date":"2018-03-02T18:35:09","date_gmt":"2018-03-02T21:35:09","guid":{"rendered":"http:\/\/www.sudoestehoje.com.br\/novoportal\/?p=70723"},"modified":"2018-03-02T19:28:51","modified_gmt":"2018-03-02T22:28:51","slug":"ao-lado-de-rui-wagner-e-hostilizado-em-camacari-aos-gritos-de-olha-o-reloginho","status":"publish","type":"post","link":"https:\/\/www.sudoestehoje.com.br\/novoportal\/2018\/03\/02\/ao-lado-de-rui-wagner-e-hostilizado-em-camacari-aos-gritos-de-olha-o-reloginho\/","title":{"rendered":"AO LADO DE RUI, WAGNER \u00c9 HOSTILIZADO EM CAMA\u00c7ARI AOS GRITOS DE &#8220;OLHA O RELOGINHO!&#8221;"},"content":{"rendered":"<p><a href=\"http:\/\/www.sudoestehoje.com.br\/novoportal\/wp-content\/uploads\/2018\/03\/WAGNER-RELOGIO.jpg\"><img loading=\"lazy\" decoding=\"async\" class=\"aligncenter size-medium wp-image-70724\" src=\"http:\/\/www.sudoestehoje.com.br\/novoportal\/wp-content\/uploads\/2018\/03\/WAGNER-RELOGIO-500x351.jpg\" alt=\"\" width=\"500\" height=\"351\" srcset=\"https:\/\/www.sudoestehoje.com.br\/novoportal\/wp-content\/uploads\/2018\/03\/WAGNER-RELOGIO-500x351.jpg 500w, https:\/\/www.sudoestehoje.com.br\/novoportal\/wp-content\/uploads\/2018\/03\/WAGNER-RELOGIO.jpg 599w\" sizes=\"auto, (max-width: 500px) 100vw, 500px\" \/><\/a><\/p>\n<p>O ex-governador Jaques Wagner, alvo da\u00a0Opera\u00e7\u00e3o Cart\u00e3o Vermelho, que investiga o superfaturamento nas obras e gest\u00e3o da Arena Fonte Nova, foi hostilizado nesta quinta-feira (1\u00ba) em um evento em Cama\u00e7ari, na regi\u00e3o metropolitana de Salvador, ao lado do governador\u00a0Rui Costa.<\/p>\n<p>Segundo a coluna Painel, do jornal Folha de S. Paulo, um homem interrompeu o discurso do atual chefe da pasta de Desenvolvimento Econ\u00f4mico estadual aos gritos: \u201cOlha um reloginho aqui, \u00f3!\u201d.<\/p>\n<p>Em seguida, o mesmo manifestante voltou a provocar o petista: \u201cA Lava Jato est\u00e1 te esperando\u201d. Wagner retomou a palavra com o aux\u00edlio de parte da plateia que o aplaudiu e se disse perseguido por causa da trajet\u00f3ria vitoriosa no campo pol\u00edtico.<\/p>\n<p>\u201c\u00c9 sempre assim. A \u00e1rvore que d\u00e1 fruto, como a minha \u00e1rvore pol\u00edtica, os invejosos e covardes\u00a0jogam pedra. Na hora certa n\u00f3s vamos desmontar toda aquela arma\u00e7\u00e3o que foi feita sem prova nenhuma\u201d, arrematou. <span style=\"color: #0000ff;\"><em>CONFIRA V\u00cdDEO<\/em><\/span>:<\/p>\n<p>https:\/\/www.facebook.com\/Ireceacontece\/videos\/224301991479013\/<\/p>\n","protected":false},"excerpt":{"rendered":"<p>O ex-governador Jaques Wagner, alvo da\u00a0Opera\u00e7\u00e3o Cart\u00e3o Vermelho, que investiga o superfaturamento nas obras e gest\u00e3o da Arena Fonte Nova, foi hostilizado nesta quinta-feira (1\u00ba) em um evento em Cama\u00e7ari, na regi\u00e3o metropolitana de Salvador, ao lado do governador\u00a0Rui Costa. Segundo a coluna Painel, do jornal Folha de S. Paulo, um homem interrompeu o discurso [&hellip;]<\/p>\n","protected":false},"author":2,"featured_media":70724,"comment_status":"open","ping_status":"open","sticky":false,"template":"","format":"standard","meta":{"footnotes":"","_links_to":"","_links_to_target":""},"categories":[1],"tags":[],"class_list":["post-70723","post","type-post","status-publish","format-standard","has-post-thumbnail","hentry","category-geral"],"views":1479,"_links":{"self":[{"href":"https:\/\/www.sudoestehoje.com.br\/novoportal\/wp-json\/wp\/v2\/posts\/70723","targetHints":{"allow":["GET"]}}],"collection":[{"href":"https:\/\/www.sudoestehoje.com.br\/novoportal\/wp-json\/wp\/v2\/posts"}],"about":[{"href":"https:\/\/www.sudoestehoje.com.br\/novoportal\/wp-json\/wp\/v2\/types\/post"}],"author":[{"embeddable":true,"href":"https:\/\/www.sudoestehoje.com.br\/novoportal\/wp-json\/wp\/v2\/users\/2"}],"replies":[{"embeddable":true,"href":"https:\/\/www.sudoestehoje.com.br\/novoportal\/wp-json\/wp\/v2\/comments?post=70723"}],"version-history":[{"count":3,"href":"https:\/\/www.sudoestehoje.com.br\/novoportal\/wp-json\/wp\/v2\/posts\/70723\/revisions"}],"predecessor-version":[{"id":70727,"href":"https:\/\/www.sudoestehoje.com.br\/novoportal\/wp-json\/wp\/v2\/posts\/70723\/revisions\/70727"}],"wp:featuredmedia":[{"embeddable":true,"href":"https:\/\/www.sudoestehoje.com.br\/novoportal\/wp-json\/wp\/v2\/media\/70724"}],"wp:attachment":[{"href":"https:\/\/www.sudoestehoje.com.br\/novoportal\/wp-json\/wp\/v2\/media?parent=70723"}],"wp:term":[{"taxonomy":"category","embeddable":true,"href":"https:\/\/www.sudoestehoje.com.br\/novoportal\/wp-json\/wp\/v2\/categories?post=70723"},{"taxonomy":"post_tag","embeddable":true,"href":"https:\/\/www.sudoestehoje.com.br\/novoportal\/wp-json\/wp\/v2\/tags?post=70723"}],"curies":[{"name":"wp","href":"https:\/\/api.w.org\/{rel}","templated":true}]}}