
{"id":70708,"date":"2018-03-01T18:23:50","date_gmt":"2018-03-01T21:23:50","guid":{"rendered":"http:\/\/www.sudoestehoje.com.br\/novoportal\/?p=70708"},"modified":"2018-03-01T19:13:14","modified_gmt":"2018-03-01T22:13:14","slug":"itapetinga-setores-do-dem-negligenciam-parceria-com-governo-rodrigo-hagge","status":"publish","type":"post","link":"https:\/\/www.sudoestehoje.com.br\/novoportal\/2018\/03\/01\/itapetinga-setores-do-dem-negligenciam-parceria-com-governo-rodrigo-hagge\/","title":{"rendered":"ITAPETINGA: SETORES DO DEM NEGLIGENCIAM PARCERIA COM GOVERNO RODRIGO HAGGE"},"content":{"rendered":"<p><a href=\"http:\/\/www.sudoestehoje.com.br\/novoportal\/wp-content\/uploads\/2018\/03\/pmdb-e-dem.jpg\"><img loading=\"lazy\" decoding=\"async\" class=\"aligncenter size-medium wp-image-70709\" src=\"http:\/\/www.sudoestehoje.com.br\/novoportal\/wp-content\/uploads\/2018\/03\/pmdb-e-dem-500x308.jpg\" alt=\"\" width=\"500\" height=\"308\" srcset=\"https:\/\/www.sudoestehoje.com.br\/novoportal\/wp-content\/uploads\/2018\/03\/pmdb-e-dem-500x308.jpg 500w, https:\/\/www.sudoestehoje.com.br\/novoportal\/wp-content\/uploads\/2018\/03\/pmdb-e-dem.jpg 650w\" sizes=\"auto, (max-width: 500px) 100vw, 500px\" \/><\/a><\/p>\n<p>Vez por outra surgem not\u00edcias plantadas em blogs locais e regionais, dando conta de um suposto &#8220;rompimento&#8221; entre os democratas de Itapetinga e o grupo do prefeito Rodrigo Hagge (PMDB), noticias que mais parecem factoides que informa\u00e7\u00e3o fidedigna.<\/p>\n<p>Fruto de um entendimento hist\u00f3rico que uniu as duas maiores lideran\u00e7as locais, Michel Hagge (PMDB) e Dr. Jos\u00e9 Ot\u00e1vio Curvelo (DEM), a uni\u00e3o resultou na maior vit\u00f3ria eleitoral no munic\u00edpio, levando Rodrigo Hagge e seu vice Renan Pereira ao comando do poder executivo e a forma\u00e7\u00e3o de um governo de coaliz\u00e3o, com expressiva participa\u00e7\u00e3o de democratas nos primeiro, segundo e demais escal\u00f5es, como foi acordado nos encontros pr\u00e9 e p\u00f3s-eleitorais entre os dois partidos.<\/p>\n<p>Apesar disto, setores do DEM, de uns tempos para c\u00e1, v\u00eam demonstrando descontentamento com a gest\u00e3o municipal, fato que nos meios pol\u00edticos e administrativos vem sendo interpretado como &#8220;fisiologismo exacerbado&#8221;, uma velha marca do DEM e outros partidos sat\u00e9lites em todo o Brasil.<\/p>\n<p>O DEM de Itapetinga j\u00e1 exauriu todo o seu estoque de correligion\u00e1rios na ocupa\u00e7\u00e3o de cargos na atual gest\u00e3o, de mamando a caducando, e h\u00e1 quem afirme que s\u00f3 ficaram fora do governo os bravos e abnegados Paulo da Geladeira e Z\u00e9 Magrinho. Paulo, porque n\u00e3o quis nenhum cargo, e Z\u00e9 Magrinho porque n\u00e3o foi indicado pelo seu partido.<\/p>\n<p>J\u00e1 d\u00e1 para imaginar a guerra que ser\u00e1 travada pelos minguados cargos estaduais em Itapetinga e regi\u00e3o, caso ACM Neto se eleja governador em outubro. Os cargos estaduais de livre nomea\u00e7\u00e3o dispon\u00edveis em Itapetinga, n\u00e3o passam de meia d\u00fazia, mas j\u00e1 tem gente com lista pronta no bolso.<\/p>\n<p><strong><em>Por Davi Ferraz<\/em><\/strong><\/p>\n","protected":false},"excerpt":{"rendered":"<p>Vez por outra surgem not\u00edcias plantadas em blogs locais e regionais, dando conta de um suposto &#8220;rompimento&#8221; entre os democratas de Itapetinga e o grupo do prefeito Rodrigo Hagge (PMDB), noticias que mais parecem factoides que informa\u00e7\u00e3o fidedigna. Fruto de um entendimento hist\u00f3rico que uniu as duas maiores lideran\u00e7as locais, Michel Hagge (PMDB) e Dr. [&hellip;]<\/p>\n","protected":false},"author":2,"featured_media":70709,"comment_status":"open","ping_status":"open","sticky":false,"template":"","format":"standard","meta":{"footnotes":"","_links_to":"","_links_to_target":""},"categories":[1],"tags":[],"class_list":["post-70708","post","type-post","status-publish","format-standard","has-post-thumbnail","hentry","category-geral"],"views":1486,"_links":{"self":[{"href":"https:\/\/www.sudoestehoje.com.br\/novoportal\/wp-json\/wp\/v2\/posts\/70708","targetHints":{"allow":["GET"]}}],"collection":[{"href":"https:\/\/www.sudoestehoje.com.br\/novoportal\/wp-json\/wp\/v2\/posts"}],"about":[{"href":"https:\/\/www.sudoestehoje.com.br\/novoportal\/wp-json\/wp\/v2\/types\/post"}],"author":[{"embeddable":true,"href":"https:\/\/www.sudoestehoje.com.br\/novoportal\/wp-json\/wp\/v2\/users\/2"}],"replies":[{"embeddable":true,"href":"https:\/\/www.sudoestehoje.com.br\/novoportal\/wp-json\/wp\/v2\/comments?post=70708"}],"version-history":[{"count":5,"href":"https:\/\/www.sudoestehoje.com.br\/novoportal\/wp-json\/wp\/v2\/posts\/70708\/revisions"}],"predecessor-version":[{"id":70714,"href":"https:\/\/www.sudoestehoje.com.br\/novoportal\/wp-json\/wp\/v2\/posts\/70708\/revisions\/70714"}],"wp:featuredmedia":[{"embeddable":true,"href":"https:\/\/www.sudoestehoje.com.br\/novoportal\/wp-json\/wp\/v2\/media\/70709"}],"wp:attachment":[{"href":"https:\/\/www.sudoestehoje.com.br\/novoportal\/wp-json\/wp\/v2\/media?parent=70708"}],"wp:term":[{"taxonomy":"category","embeddable":true,"href":"https:\/\/www.sudoestehoje.com.br\/novoportal\/wp-json\/wp\/v2\/categories?post=70708"},{"taxonomy":"post_tag","embeddable":true,"href":"https:\/\/www.sudoestehoje.com.br\/novoportal\/wp-json\/wp\/v2\/tags?post=70708"}],"curies":[{"name":"wp","href":"https:\/\/api.w.org\/{rel}","templated":true}]}}