
{"id":70701,"date":"2018-03-01T17:34:34","date_gmt":"2018-03-01T20:34:34","guid":{"rendered":"http:\/\/www.sudoestehoje.com.br\/novoportal\/?p=70701"},"modified":"2018-03-01T17:45:41","modified_gmt":"2018-03-01T20:45:41","slug":"itapetinga-burocracia-estatal-emperra-instalacao-de-uti-neonatal-no-hcr","status":"publish","type":"post","link":"https:\/\/www.sudoestehoje.com.br\/novoportal\/2018\/03\/01\/itapetinga-burocracia-estatal-emperra-instalacao-de-uti-neonatal-no-hcr\/","title":{"rendered":"ITAPETINGA: BUROCRACIA ESTATAL EMPERRA INSTALA\u00c7\u00c3O DE UTI NEONATAL NO HCR"},"content":{"rendered":"<p><a href=\"http:\/\/www.sudoestehoje.com.br\/novoportal\/wp-content\/uploads\/2018\/03\/UTI-NEONATAL.jpg\"><img loading=\"lazy\" decoding=\"async\" class=\"aligncenter size-medium wp-image-70702\" src=\"http:\/\/www.sudoestehoje.com.br\/novoportal\/wp-content\/uploads\/2018\/03\/UTI-NEONATAL-500x300.jpg\" alt=\"\" width=\"500\" height=\"300\" srcset=\"https:\/\/www.sudoestehoje.com.br\/novoportal\/wp-content\/uploads\/2018\/03\/UTI-NEONATAL-500x300.jpg 500w, https:\/\/www.sudoestehoje.com.br\/novoportal\/wp-content\/uploads\/2018\/03\/UTI-NEONATAL-768x461.jpg 768w, https:\/\/www.sudoestehoje.com.br\/novoportal\/wp-content\/uploads\/2018\/03\/UTI-NEONATAL-700x420.jpg 700w, https:\/\/www.sudoestehoje.com.br\/novoportal\/wp-content\/uploads\/2018\/03\/UTI-NEONATAL.jpg 1000w\" sizes=\"auto, (max-width: 500px) 100vw, 500px\" \/><\/a><\/p>\n<p>Apesar dos esfor\u00e7os do prefeito Rodrigo Hagge (PMDB) e da Funda\u00e7\u00e3o Jos\u00e9 Silveira, a instala\u00e7\u00e3o dos 10 leitos da UTI Neonatal prometidos em pra\u00e7a p\u00fablica pelo governador Rui Costa, em dezembro passado, parece que ainda est\u00e1 longe de se concretizar em Itapetinga.<\/p>\n<p>Em contato com o coordenador da Funda\u00e7\u00e3o Jos\u00e9 Silveira, Leonardo Matos, o blog foi informado que a prefeitura j\u00e1 publicou o conv\u00eanio com a SESAB, mas que ainda tem muita burocracia a ser vencida. Segundo L\u00e9o Matos, m\u00e9dicos neonatalistas e pediatras j\u00e1 foram contactados para formar a equipe da UTI Neonatal no HCR, mas que ainda tem muito a ser feito.<\/p>\n<p><em>&#8220;Na verdade, para concretizar realmente, precisa da parceria entre todos. Prefeitura e FJS, projeto e obras do governo e credenciamento junto \u00e0 SESAB, al\u00e9m de uma Emenda do deputado Ant\u00f4nio Brito, no valor de 1 milh\u00e3o, para compra dos equipamentos&#8221;<\/em>, disse L\u00e9o Matos, que est\u00e1 otimista e espera inaugurar a UTI entre <em>junho e julho<\/em> deste ano, se tudo der certo.<\/p>\n<p>Al\u00e9m da UTI Neonatal, est\u00e3o na lista de espera de Rui Costa o asfaltamento da pista entre a exposi\u00e7\u00e3o e rodovi\u00e1ria, complementa\u00e7\u00e3o da Av. J\u00falio Rodrigues, reforma da Central de Abastecimento, dentre outras prometidas pelo governo.<\/p>\n<p>Em ano eleitoral, tudo \u00e9 poss\u00edvel, at\u00e9 os mais improv\u00e1veis milagres ou o simples esquecimento. Vamos torcer pela primeira op\u00e7\u00e3o e que nenhum deputado petista coloque o dedo no suspiro, como de costume.<\/p>\n<p><strong><em>Por Davi Ferraz\u00a0<\/em><\/strong><\/p>\n","protected":false},"excerpt":{"rendered":"<p>Apesar dos esfor\u00e7os do prefeito Rodrigo Hagge (PMDB) e da Funda\u00e7\u00e3o Jos\u00e9 Silveira, a instala\u00e7\u00e3o dos 10 leitos da UTI Neonatal prometidos em pra\u00e7a p\u00fablica pelo governador Rui Costa, em dezembro passado, parece que ainda est\u00e1 longe de se concretizar em Itapetinga. Em contato com o coordenador da Funda\u00e7\u00e3o Jos\u00e9 Silveira, Leonardo Matos, o blog [&hellip;]<\/p>\n","protected":false},"author":2,"featured_media":70702,"comment_status":"open","ping_status":"open","sticky":false,"template":"","format":"standard","meta":{"footnotes":"","_links_to":"","_links_to_target":""},"categories":[1],"tags":[],"class_list":["post-70701","post","type-post","status-publish","format-standard","has-post-thumbnail","hentry","category-geral"],"views":1884,"_links":{"self":[{"href":"https:\/\/www.sudoestehoje.com.br\/novoportal\/wp-json\/wp\/v2\/posts\/70701","targetHints":{"allow":["GET"]}}],"collection":[{"href":"https:\/\/www.sudoestehoje.com.br\/novoportal\/wp-json\/wp\/v2\/posts"}],"about":[{"href":"https:\/\/www.sudoestehoje.com.br\/novoportal\/wp-json\/wp\/v2\/types\/post"}],"author":[{"embeddable":true,"href":"https:\/\/www.sudoestehoje.com.br\/novoportal\/wp-json\/wp\/v2\/users\/2"}],"replies":[{"embeddable":true,"href":"https:\/\/www.sudoestehoje.com.br\/novoportal\/wp-json\/wp\/v2\/comments?post=70701"}],"version-history":[{"count":5,"href":"https:\/\/www.sudoestehoje.com.br\/novoportal\/wp-json\/wp\/v2\/posts\/70701\/revisions"}],"predecessor-version":[{"id":70707,"href":"https:\/\/www.sudoestehoje.com.br\/novoportal\/wp-json\/wp\/v2\/posts\/70701\/revisions\/70707"}],"wp:featuredmedia":[{"embeddable":true,"href":"https:\/\/www.sudoestehoje.com.br\/novoportal\/wp-json\/wp\/v2\/media\/70702"}],"wp:attachment":[{"href":"https:\/\/www.sudoestehoje.com.br\/novoportal\/wp-json\/wp\/v2\/media?parent=70701"}],"wp:term":[{"taxonomy":"category","embeddable":true,"href":"https:\/\/www.sudoestehoje.com.br\/novoportal\/wp-json\/wp\/v2\/categories?post=70701"},{"taxonomy":"post_tag","embeddable":true,"href":"https:\/\/www.sudoestehoje.com.br\/novoportal\/wp-json\/wp\/v2\/tags?post=70701"}],"curies":[{"name":"wp","href":"https:\/\/api.w.org\/{rel}","templated":true}]}}