
{"id":70690,"date":"2018-02-28T00:19:07","date_gmt":"2018-02-28T03:19:07","guid":{"rendered":"http:\/\/www.sudoestehoje.com.br\/novoportal\/?p=70690"},"modified":"2018-02-28T00:19:07","modified_gmt":"2018-02-28T03:19:07","slug":"jequie-crianca-morre-eletrocutada-ao-encostar-em-poste-na-calcada","status":"publish","type":"post","link":"https:\/\/www.sudoestehoje.com.br\/novoportal\/2018\/02\/28\/jequie-crianca-morre-eletrocutada-ao-encostar-em-poste-na-calcada\/","title":{"rendered":"JEQUI\u00c9: CRIAN\u00c7A MORRE ELETROCUTADA AO ENCOSTAR EM POSTE NA CAL\u00c7ADA"},"content":{"rendered":"<div class=\"mc-column content-text active-extra-styles active-capital-letter\" data-block-type=\"unstyled\" data-block-weight=\"35\" data-block-id=\"2\">\n<p class=\"content-text__container theme-color-primary-first-letter\" data-track-category=\"Link no Texto\" data-track-links=\"\"><a href=\"http:\/\/www.sudoestehoje.com.br\/novoportal\/wp-content\/uploads\/2018\/02\/CRIAN\u00c7A-JEQUI\u00c9.jpg\"><img loading=\"lazy\" decoding=\"async\" class=\"aligncenter size-medium wp-image-70691\" src=\"http:\/\/www.sudoestehoje.com.br\/novoportal\/wp-content\/uploads\/2018\/02\/CRIAN\u00c7A-JEQUI\u00c9-500x281.jpg\" alt=\"\" width=\"500\" height=\"281\" srcset=\"https:\/\/www.sudoestehoje.com.br\/novoportal\/wp-content\/uploads\/2018\/02\/CRIAN\u00c7A-JEQUI\u00c9-500x281.jpg 500w, https:\/\/www.sudoestehoje.com.br\/novoportal\/wp-content\/uploads\/2018\/02\/CRIAN\u00c7A-JEQUI\u00c9-768x432.jpg 768w, https:\/\/www.sudoestehoje.com.br\/novoportal\/wp-content\/uploads\/2018\/02\/CRIAN\u00c7A-JEQUI\u00c9-700x394.jpg 700w, https:\/\/www.sudoestehoje.com.br\/novoportal\/wp-content\/uploads\/2018\/02\/CRIAN\u00c7A-JEQUI\u00c9.jpg 1280w\" sizes=\"auto, (max-width: 500px) 100vw, 500px\" \/><\/a><\/p>\n<p class=\"content-text__container theme-color-primary-first-letter\" data-track-category=\"Link no Texto\" data-track-links=\"\">Uma crian\u00e7a de cinco anos morreu na tarde desta ter\u00e7a-feira (27), ap\u00f3s encostar em um poste e receber uma descarga el\u00e9trica do equipamento. O caso ocorreu no bairro em Jequi\u00e9, cidade do sudoeste da Bahia.<\/p>\n<\/div>\n<div class=\"mc-column content-text active-extra-styles \" data-block-type=\"unstyled\" data-block-weight=\"39\" data-block-id=\"3\">\n<p class=\"content-text__container \" data-track-category=\"Link no Texto\" data-track-links=\"\">De acordo com a pol\u00edcia, a crian\u00e7a, que n\u00e3o teve o nome divulgado, estava indo para a escola com a av\u00f3, quando pegou em um poste que fica na cal\u00e7ada da unidade de ensino e recebeu o choque el\u00e9trico.<\/p>\n<\/div>\n<div class=\"mc-column content-text active-extra-styles \" data-block-type=\"unstyled\" data-block-weight=\"31\" data-block-id=\"4\">\n<p class=\"content-text__container \" data-track-category=\"Link no Texto\" data-track-links=\"\">A av\u00f3 tentou ajudar o neto e tamb\u00e9m foi atingida pela descarga. A mulher, que tamb\u00e9m n\u00e3o teve identidade divulgada, continua internada. N\u00e3o h\u00e1 detalhes sobre o estado de sa\u00fade dela.<\/p>\n<\/div>\n<div data-track-category=\"fim do conteudo\" data-track-action=\"ultimo chunk conteudo\" data-track-noninteraction=\"false\" data-track-scroll=\"entrada completa viewport\">\n<div class=\"mc-column content-text active-extra-styles \" data-block-type=\"unstyled\" data-block-weight=\"24\" data-block-id=\"5\">\n<p class=\"content-text__container \" data-track-category=\"Link no Texto\" data-track-links=\"\">Por meio de nota, a Coelba lamentou o incidente e disse que est\u00e1 apurando o caso. N\u00e3o h\u00e1 informa\u00e7\u00f5es sobre o sepultamento da crian\u00e7a.<\/p>\n<\/div>\n<\/div>\n","protected":false},"excerpt":{"rendered":"<p>Uma crian\u00e7a de cinco anos morreu na tarde desta ter\u00e7a-feira (27), ap\u00f3s encostar em um poste e receber uma descarga el\u00e9trica do equipamento. O caso ocorreu no bairro em Jequi\u00e9, cidade do sudoeste da Bahia. De acordo com a pol\u00edcia, a crian\u00e7a, que n\u00e3o teve o nome divulgado, estava indo para a escola com a [&hellip;]<\/p>\n","protected":false},"author":2,"featured_media":70691,"comment_status":"open","ping_status":"open","sticky":false,"template":"","format":"standard","meta":{"footnotes":"","_links_to":"","_links_to_target":""},"categories":[1],"tags":[],"class_list":["post-70690","post","type-post","status-publish","format-standard","has-post-thumbnail","hentry","category-geral"],"views":1403,"_links":{"self":[{"href":"https:\/\/www.sudoestehoje.com.br\/novoportal\/wp-json\/wp\/v2\/posts\/70690","targetHints":{"allow":["GET"]}}],"collection":[{"href":"https:\/\/www.sudoestehoje.com.br\/novoportal\/wp-json\/wp\/v2\/posts"}],"about":[{"href":"https:\/\/www.sudoestehoje.com.br\/novoportal\/wp-json\/wp\/v2\/types\/post"}],"author":[{"embeddable":true,"href":"https:\/\/www.sudoestehoje.com.br\/novoportal\/wp-json\/wp\/v2\/users\/2"}],"replies":[{"embeddable":true,"href":"https:\/\/www.sudoestehoje.com.br\/novoportal\/wp-json\/wp\/v2\/comments?post=70690"}],"version-history":[{"count":1,"href":"https:\/\/www.sudoestehoje.com.br\/novoportal\/wp-json\/wp\/v2\/posts\/70690\/revisions"}],"predecessor-version":[{"id":70692,"href":"https:\/\/www.sudoestehoje.com.br\/novoportal\/wp-json\/wp\/v2\/posts\/70690\/revisions\/70692"}],"wp:featuredmedia":[{"embeddable":true,"href":"https:\/\/www.sudoestehoje.com.br\/novoportal\/wp-json\/wp\/v2\/media\/70691"}],"wp:attachment":[{"href":"https:\/\/www.sudoestehoje.com.br\/novoportal\/wp-json\/wp\/v2\/media?parent=70690"}],"wp:term":[{"taxonomy":"category","embeddable":true,"href":"https:\/\/www.sudoestehoje.com.br\/novoportal\/wp-json\/wp\/v2\/categories?post=70690"},{"taxonomy":"post_tag","embeddable":true,"href":"https:\/\/www.sudoestehoje.com.br\/novoportal\/wp-json\/wp\/v2\/tags?post=70690"}],"curies":[{"name":"wp","href":"https:\/\/api.w.org\/{rel}","templated":true}]}}