
{"id":70678,"date":"2018-02-27T18:34:58","date_gmt":"2018-02-27T21:34:58","guid":{"rendered":"http:\/\/www.sudoestehoje.com.br\/novoportal\/?p=70678"},"modified":"2018-02-27T18:34:58","modified_gmt":"2018-02-27T21:34:58","slug":"governo-troca-comando-da-policia-federal","status":"publish","type":"post","link":"https:\/\/www.sudoestehoje.com.br\/novoportal\/2018\/02\/27\/governo-troca-comando-da-policia-federal\/","title":{"rendered":"GOVERNO TROCA COMANDO DA POL\u00cdCIA FEDERAL"},"content":{"rendered":"<p><a href=\"http:\/\/www.sudoestehoje.com.br\/novoportal\/wp-content\/uploads\/2018\/02\/SEGOVIA-PF.jpg\"><img loading=\"lazy\" decoding=\"async\" class=\"aligncenter size-medium wp-image-70680\" src=\"http:\/\/www.sudoestehoje.com.br\/novoportal\/wp-content\/uploads\/2018\/02\/SEGOVIA-PF-500x350.jpg\" alt=\"\" width=\"500\" height=\"350\" srcset=\"https:\/\/www.sudoestehoje.com.br\/novoportal\/wp-content\/uploads\/2018\/02\/SEGOVIA-PF-500x350.jpg 500w, https:\/\/www.sudoestehoje.com.br\/novoportal\/wp-content\/uploads\/2018\/02\/SEGOVIA-PF.jpg 600w\" sizes=\"auto, (max-width: 500px) 100vw, 500px\" \/><\/a><\/p>\n<p>Rec\u00e9m-empossado como ministro Extraordin\u00e1rio da Seguran\u00e7a P\u00fablica, Raul Jungmann anunciou nesta ter\u00e7a-feira (27) a exonera\u00e7\u00e3o de Fernando Segovia da Dire\u00e7\u00e3o-Geral da Pol\u00edcia Federal.<\/p>\n<p>Segovia ser\u00e1 substitu\u00eddo pelo delegado Rog\u00e9rio Galloro.<\/p>\n<p>Galloro era o preferido do ministro da Justi\u00e7a, Torquato Jardim, para assumir a PF no momento em que Segovia foi nomeado, em novembro. Em troca, Torquato o escolheu para comandar a Secretaria Nacional de Justi\u00e7a.<\/p>\n<p>A demiss\u00e3o ocorre ap\u00f3s Segovia ter causado pol\u00eamica ao declarar, para a ag\u00eancia Reuters, que o inqu\u00e9rito que investiga o presidente Michel Temer poderia ser arquivado e que o delegado respons\u00e1vel pelo caso poderia ser punido.<\/p>\n","protected":false},"excerpt":{"rendered":"<p>Rec\u00e9m-empossado como ministro Extraordin\u00e1rio da Seguran\u00e7a P\u00fablica, Raul Jungmann anunciou nesta ter\u00e7a-feira (27) a exonera\u00e7\u00e3o de Fernando Segovia da Dire\u00e7\u00e3o-Geral da Pol\u00edcia Federal. Segovia ser\u00e1 substitu\u00eddo pelo delegado Rog\u00e9rio Galloro. Galloro era o preferido do ministro da Justi\u00e7a, Torquato Jardim, para assumir a PF no momento em que Segovia foi nomeado, em novembro. Em troca, [&hellip;]<\/p>\n","protected":false},"author":2,"featured_media":70680,"comment_status":"open","ping_status":"open","sticky":false,"template":"","format":"standard","meta":{"footnotes":"","_links_to":"","_links_to_target":""},"categories":[1],"tags":[],"class_list":["post-70678","post","type-post","status-publish","format-standard","has-post-thumbnail","hentry","category-geral"],"views":1253,"_links":{"self":[{"href":"https:\/\/www.sudoestehoje.com.br\/novoportal\/wp-json\/wp\/v2\/posts\/70678","targetHints":{"allow":["GET"]}}],"collection":[{"href":"https:\/\/www.sudoestehoje.com.br\/novoportal\/wp-json\/wp\/v2\/posts"}],"about":[{"href":"https:\/\/www.sudoestehoje.com.br\/novoportal\/wp-json\/wp\/v2\/types\/post"}],"author":[{"embeddable":true,"href":"https:\/\/www.sudoestehoje.com.br\/novoportal\/wp-json\/wp\/v2\/users\/2"}],"replies":[{"embeddable":true,"href":"https:\/\/www.sudoestehoje.com.br\/novoportal\/wp-json\/wp\/v2\/comments?post=70678"}],"version-history":[{"count":2,"href":"https:\/\/www.sudoestehoje.com.br\/novoportal\/wp-json\/wp\/v2\/posts\/70678\/revisions"}],"predecessor-version":[{"id":70681,"href":"https:\/\/www.sudoestehoje.com.br\/novoportal\/wp-json\/wp\/v2\/posts\/70678\/revisions\/70681"}],"wp:featuredmedia":[{"embeddable":true,"href":"https:\/\/www.sudoestehoje.com.br\/novoportal\/wp-json\/wp\/v2\/media\/70680"}],"wp:attachment":[{"href":"https:\/\/www.sudoestehoje.com.br\/novoportal\/wp-json\/wp\/v2\/media?parent=70678"}],"wp:term":[{"taxonomy":"category","embeddable":true,"href":"https:\/\/www.sudoestehoje.com.br\/novoportal\/wp-json\/wp\/v2\/categories?post=70678"},{"taxonomy":"post_tag","embeddable":true,"href":"https:\/\/www.sudoestehoje.com.br\/novoportal\/wp-json\/wp\/v2\/tags?post=70678"}],"curies":[{"name":"wp","href":"https:\/\/api.w.org\/{rel}","templated":true}]}}