
{"id":70647,"date":"2018-02-26T09:37:34","date_gmt":"2018-02-26T12:37:34","guid":{"rendered":"http:\/\/www.sudoestehoje.com.br\/novoportal\/?p=70647"},"modified":"2018-02-26T09:58:00","modified_gmt":"2018-02-26T12:58:00","slug":"operacao-cartao-vermelho-policia-federal-cumpre-mandado-na-casa-de-jaques-wagner","status":"publish","type":"post","link":"https:\/\/www.sudoestehoje.com.br\/novoportal\/2018\/02\/26\/operacao-cartao-vermelho-policia-federal-cumpre-mandado-na-casa-de-jaques-wagner\/","title":{"rendered":"OPERA\u00c7\u00c3O CART\u00c3O VERMELHO: POL\u00cdCIA FEDERAL CUMPRE MANDADO NA CASA DE JAQUES WAGNER"},"content":{"rendered":"<p><a href=\"http:\/\/www.sudoestehoje.com.br\/novoportal\/wp-content\/uploads\/2018\/02\/WAGNER-FONTE-NOVA.jpg\"><img loading=\"lazy\" decoding=\"async\" class=\"aligncenter size-medium wp-image-70649\" src=\"http:\/\/www.sudoestehoje.com.br\/novoportal\/wp-content\/uploads\/2018\/02\/WAGNER-FONTE-NOVA-500x333.jpg\" alt=\"\" width=\"500\" height=\"333\" \/><\/a><\/p>\n<p>A Opera\u00e7\u00e3o Cart\u00e3o Vermelho, deflagrada pela Pol\u00edcia Federal na manh\u00e3 desta sexta-feira (26), cumpre mandado na casa do ex-governador Jaques Wagner, gestor na \u00e9poca da demoli\u00e7\u00e3o da antiga Fonte Nova, alvo da a\u00e7\u00e3o.<\/p>\n<p>Segundo informa\u00e7\u00f5es da Pol\u00edcia Federal, os mandados foram expedidos pelo Tribunal Regional Federal da 1\u00aa Regi\u00e3o e est\u00e3o sendo cumpridos em \u00f3rg\u00e3os p\u00fablicos, empresas e endere\u00e7os residenciais dos envolvidos em um esquema que envolve os crimes de fraude a licita\u00e7\u00e3o, superfaturamento, desvio de verbas p\u00fablicas, corrup\u00e7\u00e3o e lavagem de dinheiro.<\/p>\n<p><a href=\"http:\/\/www.sudoestehoje.com.br\/novoportal\/wp-content\/uploads\/2018\/02\/PF.jpg\"><img loading=\"lazy\" decoding=\"async\" class=\"aligncenter size-medium wp-image-70653\" src=\"http:\/\/www.sudoestehoje.com.br\/novoportal\/wp-content\/uploads\/2018\/02\/PF-500x302.jpg\" alt=\"\" width=\"500\" height=\"302\" srcset=\"https:\/\/www.sudoestehoje.com.br\/novoportal\/wp-content\/uploads\/2018\/02\/PF-500x302.jpg 500w, https:\/\/www.sudoestehoje.com.br\/novoportal\/wp-content\/uploads\/2018\/02\/PF.jpg 529w\" sizes=\"auto, (max-width: 500px) 100vw, 500px\" \/><\/a><\/p>\n<p>De acordo com a apura\u00e7\u00e3o da opera\u00e7\u00e3o, batizada de Cart\u00e3o Vermelho, a licita\u00e7\u00e3o que culminou com a Parceria P\u00fablico Privada n\u00ba 02\/2010 foi direcionada para beneficiar o cons\u00f3rcio Fonte Nova Participa\u00e7\u00f5es\u00a0(FNP), composto pelas empresas Odebrecht\u00a0e OAS.<\/p>\n<p>De acordo com laudo pericial, a obra foi superfaturada em valores que podem chegar a mais R$ 450 milh\u00f5es de reais ap\u00f3s corre\u00e7\u00e3o, sendo grande parte desviado para o pagamento de propina e o financiamento de campanhas eleitorais. BN<\/p>\n","protected":false},"excerpt":{"rendered":"<p>A Opera\u00e7\u00e3o Cart\u00e3o Vermelho, deflagrada pela Pol\u00edcia Federal na manh\u00e3 desta sexta-feira (26), cumpre mandado na casa do ex-governador Jaques Wagner, gestor na \u00e9poca da demoli\u00e7\u00e3o da antiga Fonte Nova, alvo da a\u00e7\u00e3o. Segundo informa\u00e7\u00f5es da Pol\u00edcia Federal, os mandados foram expedidos pelo Tribunal Regional Federal da 1\u00aa Regi\u00e3o e est\u00e3o sendo cumpridos em \u00f3rg\u00e3os [&hellip;]<\/p>\n","protected":false},"author":2,"featured_media":70649,"comment_status":"open","ping_status":"open","sticky":false,"template":"","format":"standard","meta":{"footnotes":"","_links_to":"","_links_to_target":""},"categories":[1],"tags":[],"class_list":["post-70647","post","type-post","status-publish","format-standard","has-post-thumbnail","hentry","category-geral"],"views":1305,"_links":{"self":[{"href":"https:\/\/www.sudoestehoje.com.br\/novoportal\/wp-json\/wp\/v2\/posts\/70647","targetHints":{"allow":["GET"]}}],"collection":[{"href":"https:\/\/www.sudoestehoje.com.br\/novoportal\/wp-json\/wp\/v2\/posts"}],"about":[{"href":"https:\/\/www.sudoestehoje.com.br\/novoportal\/wp-json\/wp\/v2\/types\/post"}],"author":[{"embeddable":true,"href":"https:\/\/www.sudoestehoje.com.br\/novoportal\/wp-json\/wp\/v2\/users\/2"}],"replies":[{"embeddable":true,"href":"https:\/\/www.sudoestehoje.com.br\/novoportal\/wp-json\/wp\/v2\/comments?post=70647"}],"version-history":[{"count":5,"href":"https:\/\/www.sudoestehoje.com.br\/novoportal\/wp-json\/wp\/v2\/posts\/70647\/revisions"}],"predecessor-version":[{"id":70654,"href":"https:\/\/www.sudoestehoje.com.br\/novoportal\/wp-json\/wp\/v2\/posts\/70647\/revisions\/70654"}],"wp:featuredmedia":[{"embeddable":true,"href":"https:\/\/www.sudoestehoje.com.br\/novoportal\/wp-json\/wp\/v2\/media\/70649"}],"wp:attachment":[{"href":"https:\/\/www.sudoestehoje.com.br\/novoportal\/wp-json\/wp\/v2\/media?parent=70647"}],"wp:term":[{"taxonomy":"category","embeddable":true,"href":"https:\/\/www.sudoestehoje.com.br\/novoportal\/wp-json\/wp\/v2\/categories?post=70647"},{"taxonomy":"post_tag","embeddable":true,"href":"https:\/\/www.sudoestehoje.com.br\/novoportal\/wp-json\/wp\/v2\/tags?post=70647"}],"curies":[{"name":"wp","href":"https:\/\/api.w.org\/{rel}","templated":true}]}}