
{"id":70641,"date":"2018-02-25T22:43:02","date_gmt":"2018-02-26T01:43:02","guid":{"rendered":"http:\/\/www.sudoestehoje.com.br\/novoportal\/?p=70641"},"modified":"2018-02-25T23:17:46","modified_gmt":"2018-02-26T02:17:46","slug":"menino-de-7-meses-morre-repentinamente-e-choca-populacao-de-itapetinga","status":"publish","type":"post","link":"https:\/\/www.sudoestehoje.com.br\/novoportal\/2018\/02\/25\/menino-de-7-meses-morre-repentinamente-e-choca-populacao-de-itapetinga\/","title":{"rendered":"MENINO DE 7 MESES MORRE REPENTINAMENTE E CHOCA POPULA\u00c7\u00c3O DE ITAPETINGA"},"content":{"rendered":"<p><a href=\"http:\/\/www.sudoestehoje.com.br\/novoportal\/wp-content\/uploads\/2018\/02\/junior-augencio.jpg\"><img loading=\"lazy\" decoding=\"async\" class=\"aligncenter size-medium wp-image-70642\" src=\"http:\/\/www.sudoestehoje.com.br\/novoportal\/wp-content\/uploads\/2018\/02\/junior-augencio-500x531.jpg\" alt=\"\" width=\"500\" height=\"531\" srcset=\"https:\/\/www.sudoestehoje.com.br\/novoportal\/wp-content\/uploads\/2018\/02\/junior-augencio-500x531.jpg 500w, https:\/\/www.sudoestehoje.com.br\/novoportal\/wp-content\/uploads\/2018\/02\/junior-augencio.jpg 528w\" sizes=\"auto, (max-width: 500px) 100vw, 500px\" \/><\/a><\/p>\n<p>Faleceu, na tarde deste domingo (25), de causa desconhecida, o beb\u00ea Bernardo, de apenas 7 meses de idade, filho do casal J\u00fanior de Aug\u00eancio e B\u00e1rbara, moradores de Itapetinga.<\/p>\n<p>Segundo amigos da fam\u00edlia, o beb\u00ea apresentou febre na \u00faltima sexta-feira e foi levado a um m\u00e9dico da cidade, que suspeitou apenas de uma &#8216;virose&#8217;. Ap\u00f3s ser medicado, Bernardo foi levado para casa, mas o seu estado de sa\u00fade se agravou.<\/p>\n<p>Neste domingo Bernardo foi levado a um pediatra, que recomendou a sua remo\u00e7\u00e3o para um hospital especializado em Vit\u00f3ria da Conquista, mas a crian\u00e7a acabou n\u00e3o resistindo e veio a falecer durante a viagem a Conquista.<\/p>\n<p>O corpo do pequeno Bernardo j\u00e1 est\u00e1 sendo velado no Cerimonial Pax Perfei\u00e7\u00e3o e ser\u00e1 sepultado nesta segunda. A fam\u00edlia ainda n\u00e3o definiu o hor\u00e1rio do sepultamento.<\/p>\n<p><a href=\"http:\/\/www.sudoestehoje.com.br\/novoportal\/wp-content\/uploads\/2018\/02\/bernardo.jpg\"><img loading=\"lazy\" decoding=\"async\" class=\"aligncenter size-medium wp-image-70643\" src=\"http:\/\/www.sudoestehoje.com.br\/novoportal\/wp-content\/uploads\/2018\/02\/bernardo-500x375.jpg\" alt=\"\" width=\"500\" height=\"375\" srcset=\"https:\/\/www.sudoestehoje.com.br\/novoportal\/wp-content\/uploads\/2018\/02\/bernardo-500x375.jpg 500w, https:\/\/www.sudoestehoje.com.br\/novoportal\/wp-content\/uploads\/2018\/02\/bernardo-768x576.jpg 768w, https:\/\/www.sudoestehoje.com.br\/novoportal\/wp-content\/uploads\/2018\/02\/bernardo-700x525.jpg 700w, https:\/\/www.sudoestehoje.com.br\/novoportal\/wp-content\/uploads\/2018\/02\/bernardo.jpg 960w\" sizes=\"auto, (max-width: 500px) 100vw, 500px\" \/><\/a><\/p>\n<p>O Sudoeste Hoje manifesta, neste momento de imensa dor, os seus mais sinceros sentimentos ao amigo Junior de Aug\u00eancio e sua esposa, pela inestim\u00e1vel perda.<\/p>\n<p>Davi Ferraz &#8211;<\/p>\n","protected":false},"excerpt":{"rendered":"<p>Faleceu, na tarde deste domingo (25), de causa desconhecida, o beb\u00ea Bernardo, de apenas 7 meses de idade, filho do casal J\u00fanior de Aug\u00eancio e B\u00e1rbara, moradores de Itapetinga. Segundo amigos da fam\u00edlia, o beb\u00ea apresentou febre na \u00faltima sexta-feira e foi levado a um m\u00e9dico da cidade, que suspeitou apenas de uma &#8216;virose&#8217;. Ap\u00f3s [&hellip;]<\/p>\n","protected":false},"author":2,"featured_media":70642,"comment_status":"open","ping_status":"open","sticky":false,"template":"","format":"standard","meta":{"footnotes":"","_links_to":"","_links_to_target":""},"categories":[1],"tags":[],"class_list":["post-70641","post","type-post","status-publish","format-standard","has-post-thumbnail","hentry","category-geral"],"views":3402,"_links":{"self":[{"href":"https:\/\/www.sudoestehoje.com.br\/novoportal\/wp-json\/wp\/v2\/posts\/70641","targetHints":{"allow":["GET"]}}],"collection":[{"href":"https:\/\/www.sudoestehoje.com.br\/novoportal\/wp-json\/wp\/v2\/posts"}],"about":[{"href":"https:\/\/www.sudoestehoje.com.br\/novoportal\/wp-json\/wp\/v2\/types\/post"}],"author":[{"embeddable":true,"href":"https:\/\/www.sudoestehoje.com.br\/novoportal\/wp-json\/wp\/v2\/users\/2"}],"replies":[{"embeddable":true,"href":"https:\/\/www.sudoestehoje.com.br\/novoportal\/wp-json\/wp\/v2\/comments?post=70641"}],"version-history":[{"count":3,"href":"https:\/\/www.sudoestehoje.com.br\/novoportal\/wp-json\/wp\/v2\/posts\/70641\/revisions"}],"predecessor-version":[{"id":70646,"href":"https:\/\/www.sudoestehoje.com.br\/novoportal\/wp-json\/wp\/v2\/posts\/70641\/revisions\/70646"}],"wp:featuredmedia":[{"embeddable":true,"href":"https:\/\/www.sudoestehoje.com.br\/novoportal\/wp-json\/wp\/v2\/media\/70642"}],"wp:attachment":[{"href":"https:\/\/www.sudoestehoje.com.br\/novoportal\/wp-json\/wp\/v2\/media?parent=70641"}],"wp:term":[{"taxonomy":"category","embeddable":true,"href":"https:\/\/www.sudoestehoje.com.br\/novoportal\/wp-json\/wp\/v2\/categories?post=70641"},{"taxonomy":"post_tag","embeddable":true,"href":"https:\/\/www.sudoestehoje.com.br\/novoportal\/wp-json\/wp\/v2\/tags?post=70641"}],"curies":[{"name":"wp","href":"https:\/\/api.w.org\/{rel}","templated":true}]}}