
{"id":70598,"date":"2018-02-22T00:30:32","date_gmt":"2018-02-22T03:30:32","guid":{"rendered":"http:\/\/www.sudoestehoje.com.br\/novoportal\/?p=70598"},"modified":"2018-02-22T00:30:32","modified_gmt":"2018-02-22T03:30:32","slug":"caatiba-secretaria-municipal-de-educacao-abre-jornada-pedagogica-2018","status":"publish","type":"post","link":"https:\/\/www.sudoestehoje.com.br\/novoportal\/2018\/02\/22\/caatiba-secretaria-municipal-de-educacao-abre-jornada-pedagogica-2018\/","title":{"rendered":"CAATIBA: SECRETARIA MUNICIPAL DE EDUCA\u00c7\u00c3O ABRE JORNADA PEDAG\u00d3GICA 2018"},"content":{"rendered":"<p><a href=\"http:\/\/www.sudoestehoje.com.br\/novoportal\/wp-content\/uploads\/2018\/02\/CAAT-1.jpg\"><img loading=\"lazy\" decoding=\"async\" class=\"aligncenter size-medium wp-image-70602\" src=\"http:\/\/www.sudoestehoje.com.br\/novoportal\/wp-content\/uploads\/2018\/02\/CAAT-1-500x447.jpg\" alt=\"\" width=\"500\" height=\"447\" srcset=\"https:\/\/www.sudoestehoje.com.br\/novoportal\/wp-content\/uploads\/2018\/02\/CAAT-1-500x447.jpg 500w, https:\/\/www.sudoestehoje.com.br\/novoportal\/wp-content\/uploads\/2018\/02\/CAAT-1.jpg 666w\" sizes=\"auto, (max-width: 500px) 100vw, 500px\" \/><\/a><\/p>\n<p style=\"background: white; margin: 4.5pt 0cm 4.5pt 0cm;\"><span style=\"font-family: 'Arial','sans-serif'; color: #1d2129;\">Na noite desta ter\u00e7a-feira (20), A Secretaria Municipal de Educa\u00e7\u00e3o, em parceria com Prefeitura Municipal de Caatiba realizou a abertura da Jornada Pedag\u00f3gica do ano letivo de 2018, onde reuniram educadores, gestores, coordenadores e demais envolvidos no processo educativo da rede municipal de ensino. O encontro contou com a part<span class=\"textexposedshow\">icipa\u00e7\u00e3o da Prefeita do Munic\u00edpio T\u00e2nia Ribeiro, do Vice Prefeito Paulo Paiva, do Legislativo Municipal, dos Secret\u00e1rios do munic\u00edpio e da APLB Sindicato.<\/span><\/span><\/p>\n<p style=\"background: white; margin: 4.5pt 0cm 4.5pt 0cm;\"><a href=\"http:\/\/www.sudoestehoje.com.br\/novoportal\/wp-content\/uploads\/2018\/02\/CAAT-2.jpg\"><img loading=\"lazy\" decoding=\"async\" class=\"aligncenter size-medium wp-image-70603\" src=\"http:\/\/www.sudoestehoje.com.br\/novoportal\/wp-content\/uploads\/2018\/02\/CAAT-2-500x447.jpg\" alt=\"\" width=\"500\" height=\"447\" srcset=\"https:\/\/www.sudoestehoje.com.br\/novoportal\/wp-content\/uploads\/2018\/02\/CAAT-2-500x447.jpg 500w, https:\/\/www.sudoestehoje.com.br\/novoportal\/wp-content\/uploads\/2018\/02\/CAAT-2.jpg 666w\" sizes=\"auto, (max-width: 500px) 100vw, 500px\" \/><\/a><\/p>\n<p style=\"background: white; margin: 4.5pt 0cm 4.5pt 0cm;\"><span class=\"textexposedshow\"><span style=\"font-family: 'Arial','sans-serif'; color: #1d2129;\">Na ocasi\u00e3o foram deixadas mensagens aos educadores desejando \u00eaxito para atividades educativas do ano em curso. O secret\u00e1rio de Educa\u00e7\u00e3o Sidnei Cordeiro falou da import\u00e2ncia do momento para boa atua\u00e7\u00e3o Pedag\u00f3gica como tamb\u00e9m colocou a importante parceria com todos os evolvidos no processo educativo, agradecendo toda a equipe t\u00e9cnico-pedag\u00f3gica da Secretaria pelo <\/span><\/span><span style=\"font-family: 'Arial','sans-serif'; color: #1d2129;\">CAATIBA-BAHIA: SECRETARIA MUNICIPAL DE EDUCA\u00c7\u00c3O REALIZA ABERTURA DA JORNADA <span class=\"textexposedshow\">competente trabalho realizado frente os interesses da Educa\u00e7\u00e3o; A Chefe do Executivo Municipal enfatizou seu compromisso como gestora p\u00fablica e da suma import\u00e2ncia do professor no desenvolvimento humano e na constru\u00e7\u00e3o de uma sociedade. \u201cO professor \u00e9 antes de tudo um construtor de identidades humanas, um formador de mundos, um formador de opini\u00f5es\u201d, enfatiza T\u00e2nia Ribeiro.\u00a0<\/span><\/span><\/p>\n<p style=\"background: white; margin: 4.5pt 0cm 4.5pt 0cm;\"><span style=\"font-family: 'Arial','sans-serif'; color: #1d2129;\"><a href=\"http:\/\/www.sudoestehoje.com.br\/novoportal\/wp-content\/uploads\/2018\/02\/CAAT-3.jpg\"><img loading=\"lazy\" decoding=\"async\" class=\"aligncenter size-medium wp-image-70604\" src=\"http:\/\/www.sudoestehoje.com.br\/novoportal\/wp-content\/uploads\/2018\/02\/CAAT-3-500x447.jpg\" alt=\"\" width=\"500\" height=\"447\" srcset=\"https:\/\/www.sudoestehoje.com.br\/novoportal\/wp-content\/uploads\/2018\/02\/CAAT-3-500x447.jpg 500w, https:\/\/www.sudoestehoje.com.br\/novoportal\/wp-content\/uploads\/2018\/02\/CAAT-3.jpg 666w\" sizes=\"auto, (max-width: 500px) 100vw, 500px\" \/><\/a><br \/>\n<span class=\"textexposedshow\">Com o Tema \u201cEDUCA\u00c7\u00c3O INOVADORA, COM COMPROMETIMENTO, VALORES E ATITUDES\u201d, o grande evento foi abrilhantado com a presen\u00e7a do renomado Palestrante Hamilton Werneck; Professor, Conferencista, e escritor, que com sua vasta experi\u00eancia em educa\u00e7\u00e3o ministrou com excel\u00eancia o tema proposto fazendo deste, o ponto \u00e1pice de um dos maiores acontecimentos para a classe dos Profissionais em Educa\u00e7\u00e3o.\u00a0<\/span><\/span><span style=\"font-family: 'Arial','sans-serif'; color: #1d2129;\"><span class=\"textexposedshow\">Com uma abordagem reflexiva, a abertura da Jornada Pedag\u00f3gica de 2018 no Munic\u00edpio de Caatiba foi encerrada, sendo considerada pelos participantes um grande sucesso.<\/span><\/span><\/p>\n<p style=\"background: white; margin: 4.5pt 0cm 4.5pt 0cm;\"><span style=\"font-family: 'Arial','sans-serif'; color: #1d2129;\"><a href=\"http:\/\/www.sudoestehoje.com.br\/novoportal\/wp-content\/uploads\/2018\/02\/CAAT-4.jpg\"><img loading=\"lazy\" decoding=\"async\" class=\"aligncenter size-medium wp-image-70605\" src=\"http:\/\/www.sudoestehoje.com.br\/novoportal\/wp-content\/uploads\/2018\/02\/CAAT-4-500x447.jpg\" alt=\"\" width=\"500\" height=\"447\" srcset=\"https:\/\/www.sudoestehoje.com.br\/novoportal\/wp-content\/uploads\/2018\/02\/CAAT-4-500x447.jpg 500w, https:\/\/www.sudoestehoje.com.br\/novoportal\/wp-content\/uploads\/2018\/02\/CAAT-4.jpg 666w\" sizes=\"auto, (max-width: 500px) 100vw, 500px\" \/><\/a><br \/>\n<span class=\"textexposedshow\">A programa\u00e7\u00e3o da Jornada Pedag\u00f3gica se estender\u00e1 por mais dois dias, onde ser\u00e3o ofertadas oficinas com o objetivo de promover reflex\u00f5es e debates, troca de experi\u00eancias em torno das pol\u00edticas e propostas pedag\u00f3gicas que nortear\u00e3o o ano letivo de 2018. \/\/<\/span><\/span><span style=\"font-family: 'Arial','sans-serif'; color: #1d2129;\">\u00a0<em>Ascom\u00a0<a style=\"cursor: pointer;\" href=\"https:\/\/www.facebook.com\/ascomcaatiba.ascom.7?fref=mentions\" data-hovercard=\"\/ajax\/hovercard\/user.php?id=100015971282217&amp;extragetparams=%7B%22fref%22%3A%22mentions%22%7D\" data-hovercard-prefer-more-content-show=\"1\"><span style=\"color: #365899; text-decoration: none; text-underline: none;\">Caatiba Bahia<\/span><\/a><\/em><\/span><\/p>\n","protected":false},"excerpt":{"rendered":"<p>Na noite desta ter\u00e7a-feira (20), A Secretaria Municipal de Educa\u00e7\u00e3o, em parceria com Prefeitura Municipal de Caatiba realizou a abertura da Jornada Pedag\u00f3gica do ano letivo de 2018, onde reuniram educadores, gestores, coordenadores e demais envolvidos no processo educativo da rede municipal de ensino. O encontro contou com a participa\u00e7\u00e3o da Prefeita do Munic\u00edpio T\u00e2nia [&hellip;]<\/p>\n","protected":false},"author":2,"featured_media":70602,"comment_status":"open","ping_status":"open","sticky":false,"template":"","format":"standard","meta":{"footnotes":"","_links_to":"","_links_to_target":""},"categories":[1],"tags":[],"class_list":["post-70598","post","type-post","status-publish","format-standard","has-post-thumbnail","hentry","category-geral"],"views":1647,"_links":{"self":[{"href":"https:\/\/www.sudoestehoje.com.br\/novoportal\/wp-json\/wp\/v2\/posts\/70598","targetHints":{"allow":["GET"]}}],"collection":[{"href":"https:\/\/www.sudoestehoje.com.br\/novoportal\/wp-json\/wp\/v2\/posts"}],"about":[{"href":"https:\/\/www.sudoestehoje.com.br\/novoportal\/wp-json\/wp\/v2\/types\/post"}],"author":[{"embeddable":true,"href":"https:\/\/www.sudoestehoje.com.br\/novoportal\/wp-json\/wp\/v2\/users\/2"}],"replies":[{"embeddable":true,"href":"https:\/\/www.sudoestehoje.com.br\/novoportal\/wp-json\/wp\/v2\/comments?post=70598"}],"version-history":[{"count":6,"href":"https:\/\/www.sudoestehoje.com.br\/novoportal\/wp-json\/wp\/v2\/posts\/70598\/revisions"}],"predecessor-version":[{"id":70608,"href":"https:\/\/www.sudoestehoje.com.br\/novoportal\/wp-json\/wp\/v2\/posts\/70598\/revisions\/70608"}],"wp:featuredmedia":[{"embeddable":true,"href":"https:\/\/www.sudoestehoje.com.br\/novoportal\/wp-json\/wp\/v2\/media\/70602"}],"wp:attachment":[{"href":"https:\/\/www.sudoestehoje.com.br\/novoportal\/wp-json\/wp\/v2\/media?parent=70598"}],"wp:term":[{"taxonomy":"category","embeddable":true,"href":"https:\/\/www.sudoestehoje.com.br\/novoportal\/wp-json\/wp\/v2\/categories?post=70598"},{"taxonomy":"post_tag","embeddable":true,"href":"https:\/\/www.sudoestehoje.com.br\/novoportal\/wp-json\/wp\/v2\/tags?post=70598"}],"curies":[{"name":"wp","href":"https:\/\/api.w.org\/{rel}","templated":true}]}}