
{"id":70576,"date":"2018-02-21T19:13:34","date_gmt":"2018-02-21T22:13:34","guid":{"rendered":"http:\/\/www.sudoestehoje.com.br\/novoportal\/?p=70576"},"modified":"2018-02-21T19:13:34","modified_gmt":"2018-02-21T22:13:34","slug":"stj-afasta-mario-negromonte-do-cargo-de-conselheiro-do-tcm-bahia","status":"publish","type":"post","link":"https:\/\/www.sudoestehoje.com.br\/novoportal\/2018\/02\/21\/stj-afasta-mario-negromonte-do-cargo-de-conselheiro-do-tcm-bahia\/","title":{"rendered":"STJ AFASTA M\u00c1RIO NEGROMONTE DO CARGO DE CONSELHEIRO DO TCM-BAHIA"},"content":{"rendered":"<p><a href=\"http:\/\/www.sudoestehoje.com.br\/novoportal\/wp-content\/uploads\/2018\/02\/mario-negromonte.jpeg\"><img loading=\"lazy\" decoding=\"async\" class=\"aligncenter size-medium wp-image-70578\" src=\"http:\/\/www.sudoestehoje.com.br\/novoportal\/wp-content\/uploads\/2018\/02\/mario-negromonte-500x281.jpeg\" alt=\"\" width=\"500\" height=\"281\" srcset=\"https:\/\/www.sudoestehoje.com.br\/novoportal\/wp-content\/uploads\/2018\/02\/mario-negromonte-500x281.jpeg 500w, https:\/\/www.sudoestehoje.com.br\/novoportal\/wp-content\/uploads\/2018\/02\/mario-negromonte.jpeg 597w\" sizes=\"auto, (max-width: 500px) 100vw, 500px\" \/><\/a><\/p>\n<p>Al\u00e9m de tornar M\u00e1rio Negromonte (PP-BA) r\u00e9u por corrup\u00e7\u00e3o passiva, o Superior Tribunal de Justi\u00e7a (STJ) decidiu na tarde desta quarta-feira (21) tamb\u00e9m afast\u00e1-lo do cargo de conselheiro do Tribunal de Contas dos Munic\u00edpios.<\/p>\n<p>A medida contra o ex-ministro das Cidades foi tomada at\u00e9 que esteja conclu\u00edda a fase de instru\u00e7\u00e3o penal do processo. Na den\u00fancia, apresentada pelo Minist\u00e9rio P\u00fablico Federal (MPF) em outubro do ano passado, Negromonte \u00e9 acusado de receber R$ 25 milh\u00f5es em propina para beneficiar empresas do setor de rastreamento de ve\u00edculos.<\/p>\n","protected":false},"excerpt":{"rendered":"<p>Al\u00e9m de tornar M\u00e1rio Negromonte (PP-BA) r\u00e9u por corrup\u00e7\u00e3o passiva, o Superior Tribunal de Justi\u00e7a (STJ) decidiu na tarde desta quarta-feira (21) tamb\u00e9m afast\u00e1-lo do cargo de conselheiro do Tribunal de Contas dos Munic\u00edpios. A medida contra o ex-ministro das Cidades foi tomada at\u00e9 que esteja conclu\u00edda a fase de instru\u00e7\u00e3o penal do processo. Na [&hellip;]<\/p>\n","protected":false},"author":2,"featured_media":70578,"comment_status":"open","ping_status":"open","sticky":false,"template":"","format":"standard","meta":{"footnotes":"","_links_to":"","_links_to_target":""},"categories":[1],"tags":[],"class_list":["post-70576","post","type-post","status-publish","format-standard","has-post-thumbnail","hentry","category-geral"],"views":1161,"_links":{"self":[{"href":"https:\/\/www.sudoestehoje.com.br\/novoportal\/wp-json\/wp\/v2\/posts\/70576","targetHints":{"allow":["GET"]}}],"collection":[{"href":"https:\/\/www.sudoestehoje.com.br\/novoportal\/wp-json\/wp\/v2\/posts"}],"about":[{"href":"https:\/\/www.sudoestehoje.com.br\/novoportal\/wp-json\/wp\/v2\/types\/post"}],"author":[{"embeddable":true,"href":"https:\/\/www.sudoestehoje.com.br\/novoportal\/wp-json\/wp\/v2\/users\/2"}],"replies":[{"embeddable":true,"href":"https:\/\/www.sudoestehoje.com.br\/novoportal\/wp-json\/wp\/v2\/comments?post=70576"}],"version-history":[{"count":2,"href":"https:\/\/www.sudoestehoje.com.br\/novoportal\/wp-json\/wp\/v2\/posts\/70576\/revisions"}],"predecessor-version":[{"id":70579,"href":"https:\/\/www.sudoestehoje.com.br\/novoportal\/wp-json\/wp\/v2\/posts\/70576\/revisions\/70579"}],"wp:featuredmedia":[{"embeddable":true,"href":"https:\/\/www.sudoestehoje.com.br\/novoportal\/wp-json\/wp\/v2\/media\/70578"}],"wp:attachment":[{"href":"https:\/\/www.sudoestehoje.com.br\/novoportal\/wp-json\/wp\/v2\/media?parent=70576"}],"wp:term":[{"taxonomy":"category","embeddable":true,"href":"https:\/\/www.sudoestehoje.com.br\/novoportal\/wp-json\/wp\/v2\/categories?post=70576"},{"taxonomy":"post_tag","embeddable":true,"href":"https:\/\/www.sudoestehoje.com.br\/novoportal\/wp-json\/wp\/v2\/tags?post=70576"}],"curies":[{"name":"wp","href":"https:\/\/api.w.org\/{rel}","templated":true}]}}