
{"id":70548,"date":"2018-02-19T21:15:37","date_gmt":"2018-02-20T00:15:37","guid":{"rendered":"http:\/\/www.sudoestehoje.com.br\/novoportal\/?p=70548"},"modified":"2018-02-19T21:15:37","modified_gmt":"2018-02-20T00:15:37","slug":"macarani-fabrica-da-renata-mello-recebera-curriculos-a-partir-desta-terca","status":"publish","type":"post","link":"https:\/\/www.sudoestehoje.com.br\/novoportal\/2018\/02\/19\/macarani-fabrica-da-renata-mello-recebera-curriculos-a-partir-desta-terca\/","title":{"rendered":"MACARANI: F\u00c1BRICA DA RENATA MELLO RECEBER\u00c1 CURR\u00cdCULOS A PARTIR DESTA TER\u00c7A"},"content":{"rendered":"<p><a href=\"http:\/\/www.sudoestehoje.com.br\/novoportal\/wp-content\/uploads\/2018\/02\/Linha-de-produ\u00e7\u00e3o_Renata-Mello_Divulga\u00e7\u00e3o.jpg\"><img loading=\"lazy\" decoding=\"async\" class=\"aligncenter size-full wp-image-70550\" src=\"http:\/\/www.sudoestehoje.com.br\/novoportal\/wp-content\/uploads\/2018\/02\/Linha-de-produ\u00e7\u00e3o_Renata-Mello_Divulga\u00e7\u00e3o.jpg\" alt=\"\" width=\"475\" height=\"342\" \/><\/a><\/p>\n<p>Pronta para come\u00e7ar a operar na cidade de Macarani, no M\u00e9dio Sudoeste Baiano, a f\u00e1brica de cal\u00e7ados Renata Mello come\u00e7a a receber curr\u00edculos para sele\u00e7\u00e3o e contrata\u00e7\u00e3o de pessoal, a partir desta ter\u00e7a-feira (20).<\/p>\n<p>Quem deu a boa not\u00edcia foi o pr\u00f3prio prefeito Miller Ferraz, em coletiva \u00e0 imprensa, nesta segunda-feira (19), em seu gabinete.<\/p>\n<p>A entrega dos curr\u00edculos dever\u00e1 ser feita no pr\u00f3prio galp\u00e3o da f\u00e1brica, no bairro Marjorie Parque, a partir das 8h.<\/p>\n<p><strong><em>Por Davi Ferraz\u00a0<\/em><\/strong><\/p>\n","protected":false},"excerpt":{"rendered":"<p>Pronta para come\u00e7ar a operar na cidade de Macarani, no M\u00e9dio Sudoeste Baiano, a f\u00e1brica de cal\u00e7ados Renata Mello come\u00e7a a receber curr\u00edculos para sele\u00e7\u00e3o e contrata\u00e7\u00e3o de pessoal, a partir desta ter\u00e7a-feira (20). Quem deu a boa not\u00edcia foi o pr\u00f3prio prefeito Miller Ferraz, em coletiva \u00e0 imprensa, nesta segunda-feira (19), em seu gabinete. [&hellip;]<\/p>\n","protected":false},"author":2,"featured_media":70550,"comment_status":"open","ping_status":"open","sticky":false,"template":"","format":"standard","meta":{"footnotes":"","_links_to":"","_links_to_target":""},"categories":[1],"tags":[],"class_list":["post-70548","post","type-post","status-publish","format-standard","has-post-thumbnail","hentry","category-geral"],"views":3135,"_links":{"self":[{"href":"https:\/\/www.sudoestehoje.com.br\/novoportal\/wp-json\/wp\/v2\/posts\/70548","targetHints":{"allow":["GET"]}}],"collection":[{"href":"https:\/\/www.sudoestehoje.com.br\/novoportal\/wp-json\/wp\/v2\/posts"}],"about":[{"href":"https:\/\/www.sudoestehoje.com.br\/novoportal\/wp-json\/wp\/v2\/types\/post"}],"author":[{"embeddable":true,"href":"https:\/\/www.sudoestehoje.com.br\/novoportal\/wp-json\/wp\/v2\/users\/2"}],"replies":[{"embeddable":true,"href":"https:\/\/www.sudoestehoje.com.br\/novoportal\/wp-json\/wp\/v2\/comments?post=70548"}],"version-history":[{"count":3,"href":"https:\/\/www.sudoestehoje.com.br\/novoportal\/wp-json\/wp\/v2\/posts\/70548\/revisions"}],"predecessor-version":[{"id":70552,"href":"https:\/\/www.sudoestehoje.com.br\/novoportal\/wp-json\/wp\/v2\/posts\/70548\/revisions\/70552"}],"wp:featuredmedia":[{"embeddable":true,"href":"https:\/\/www.sudoestehoje.com.br\/novoportal\/wp-json\/wp\/v2\/media\/70550"}],"wp:attachment":[{"href":"https:\/\/www.sudoestehoje.com.br\/novoportal\/wp-json\/wp\/v2\/media?parent=70548"}],"wp:term":[{"taxonomy":"category","embeddable":true,"href":"https:\/\/www.sudoestehoje.com.br\/novoportal\/wp-json\/wp\/v2\/categories?post=70548"},{"taxonomy":"post_tag","embeddable":true,"href":"https:\/\/www.sudoestehoje.com.br\/novoportal\/wp-json\/wp\/v2\/tags?post=70548"}],"curies":[{"name":"wp","href":"https:\/\/api.w.org\/{rel}","templated":true}]}}