
{"id":70504,"date":"2018-02-16T18:17:48","date_gmt":"2018-02-16T21:17:48","guid":{"rendered":"http:\/\/www.sudoestehoje.com.br\/novoportal\/?p=70504"},"modified":"2018-02-16T19:00:53","modified_gmt":"2018-02-16T22:00:53","slug":"pegou-mal-cupula-da-direc-manda-fechar-escola-estadual-em-itororo","status":"publish","type":"post","link":"https:\/\/www.sudoestehoje.com.br\/novoportal\/2018\/02\/16\/pegou-mal-cupula-da-direc-manda-fechar-escola-estadual-em-itororo\/","title":{"rendered":"PEGOU MAL! C\u00daPULA DA DIREC MANDA FECHAR ESCOLA ESTADUAL EM ITOROR\u00d3"},"content":{"rendered":"<p><a href=\"http:\/\/www.sudoestehoje.com.br\/novoportal\/wp-content\/uploads\/2018\/02\/rosembereg-amanda-alecio-amanda-e1501897456469.jpg\"><img loading=\"lazy\" decoding=\"async\" class=\"aligncenter size-medium wp-image-70505\" src=\"http:\/\/www.sudoestehoje.com.br\/novoportal\/wp-content\/uploads\/2018\/02\/rosembereg-amanda-alecio-amanda-e1501897456469-500x281.jpg\" alt=\"\" width=\"500\" height=\"281\" srcset=\"https:\/\/www.sudoestehoje.com.br\/novoportal\/wp-content\/uploads\/2018\/02\/rosembereg-amanda-alecio-amanda-e1501897456469-500x281.jpg 500w, https:\/\/www.sudoestehoje.com.br\/novoportal\/wp-content\/uploads\/2018\/02\/rosembereg-amanda-alecio-amanda-e1501897456469.jpg 640w\" sizes=\"auto, (max-width: 500px) 100vw, 500px\" \/><\/a><\/p>\n<p>Repercutiu negativamente a decis\u00e3o do NTE-8 (antiga DIREC) de fechar definitivamente o Col\u00e9gio Estadual Francisco Ant\u00f4nio de Brito, localizado na cidade de Itoror\u00f3, no M\u00e9dio Sudoeste Baiano, com a transfer\u00eancia dos alunos para o CETEP<\/p>\n<p>De acordo com o Blog Itoror\u00f3 J\u00e1, a decis\u00e3o tomada pela Direc foi comunicada aos professores, funcion\u00e1rios e dire\u00e7\u00e3o da escola, pelos coordenadores Al\u00e9cio Chaves, Sibele Nery e Amanda Moura, em reuni\u00e3o ocorrida na noite desta quinta-feira (15), pegando a todos de surpresa e causando indigna\u00e7\u00e3o.<\/p>\n<p><a href=\"http:\/\/www.sudoestehoje.com.br\/novoportal\/wp-content\/uploads\/2018\/02\/escola-Itoror\u00f3.jpg\"><img loading=\"lazy\" decoding=\"async\" class=\"aligncenter size-medium wp-image-70507\" src=\"http:\/\/www.sudoestehoje.com.br\/novoportal\/wp-content\/uploads\/2018\/02\/escola-Itoror\u00f3-500x281.jpg\" alt=\"\" width=\"500\" height=\"281\" srcset=\"https:\/\/www.sudoestehoje.com.br\/novoportal\/wp-content\/uploads\/2018\/02\/escola-Itoror\u00f3-500x281.jpg 500w, https:\/\/www.sudoestehoje.com.br\/novoportal\/wp-content\/uploads\/2018\/02\/escola-Itoror\u00f3-768x432.jpg 768w, https:\/\/www.sudoestehoje.com.br\/novoportal\/wp-content\/uploads\/2018\/02\/escola-Itoror\u00f3-700x394.jpg 700w, https:\/\/www.sudoestehoje.com.br\/novoportal\/wp-content\/uploads\/2018\/02\/escola-Itoror\u00f3.jpg 1280w\" sizes=\"auto, (max-width: 500px) 100vw, 500px\" \/><\/a><\/p>\n<p>Comenta-se nos meios pol\u00edticos de Itoror\u00f3 e Itapetinga, que o fechamento do tradicional col\u00e9gio atende aos anseios meramente eleitorais de pol\u00edticos locais, com vistas \u00e0s elei\u00e7\u00f5es de outubro pr\u00f3ximo.<\/p>\n<p>O prefeito Adauto Almeida (PSDB), que se elegeu pela oposi\u00e7\u00e3o mas caiu nos bra\u00e7os do governo do estado, ainda n\u00e3o esbo\u00e7ou qualquer rea\u00e7\u00e3o quanto ao fechamento da escola, como seria seu dever, na qualidade de &#8216;guardi\u00e3o&#8217; dos interesses do munic\u00edpio junto \u00e0s institui\u00e7\u00f5es governamentais.<\/p>\n<p>Toda a c\u00fapula do NTE-8 (Al\u00e9cio Chaves, Sibele Nery e Amanda Moura), ocupam os cargos por indica\u00e7\u00e3o do deputado estadual itororoense Rosemberg Pinto (PT), que tamb\u00e9m n\u00e3o se pronunciou sobre a quest\u00e3o.<\/p>\n<p>Como diz o velho ditado, &#8220;nesse angu tem caro\u00e7o&#8221;&#8230;<\/p>\n<p><strong><em>Por Davi Ferraz\u00a0<\/em><\/strong><\/p>\n","protected":false},"excerpt":{"rendered":"<p>Repercutiu negativamente a decis\u00e3o do NTE-8 (antiga DIREC) de fechar definitivamente o Col\u00e9gio Estadual Francisco Ant\u00f4nio de Brito, localizado na cidade de Itoror\u00f3, no M\u00e9dio Sudoeste Baiano, com a transfer\u00eancia dos alunos para o CETEP De acordo com o Blog Itoror\u00f3 J\u00e1, a decis\u00e3o tomada pela Direc foi comunicada aos professores, funcion\u00e1rios e dire\u00e7\u00e3o da [&hellip;]<\/p>\n","protected":false},"author":2,"featured_media":70505,"comment_status":"open","ping_status":"open","sticky":false,"template":"","format":"standard","meta":{"footnotes":"","_links_to":"","_links_to_target":""},"categories":[1],"tags":[],"class_list":["post-70504","post","type-post","status-publish","format-standard","has-post-thumbnail","hentry","category-geral"],"views":3349,"_links":{"self":[{"href":"https:\/\/www.sudoestehoje.com.br\/novoportal\/wp-json\/wp\/v2\/posts\/70504","targetHints":{"allow":["GET"]}}],"collection":[{"href":"https:\/\/www.sudoestehoje.com.br\/novoportal\/wp-json\/wp\/v2\/posts"}],"about":[{"href":"https:\/\/www.sudoestehoje.com.br\/novoportal\/wp-json\/wp\/v2\/types\/post"}],"author":[{"embeddable":true,"href":"https:\/\/www.sudoestehoje.com.br\/novoportal\/wp-json\/wp\/v2\/users\/2"}],"replies":[{"embeddable":true,"href":"https:\/\/www.sudoestehoje.com.br\/novoportal\/wp-json\/wp\/v2\/comments?post=70504"}],"version-history":[{"count":4,"href":"https:\/\/www.sudoestehoje.com.br\/novoportal\/wp-json\/wp\/v2\/posts\/70504\/revisions"}],"predecessor-version":[{"id":70510,"href":"https:\/\/www.sudoestehoje.com.br\/novoportal\/wp-json\/wp\/v2\/posts\/70504\/revisions\/70510"}],"wp:featuredmedia":[{"embeddable":true,"href":"https:\/\/www.sudoestehoje.com.br\/novoportal\/wp-json\/wp\/v2\/media\/70505"}],"wp:attachment":[{"href":"https:\/\/www.sudoestehoje.com.br\/novoportal\/wp-json\/wp\/v2\/media?parent=70504"}],"wp:term":[{"taxonomy":"category","embeddable":true,"href":"https:\/\/www.sudoestehoje.com.br\/novoportal\/wp-json\/wp\/v2\/categories?post=70504"},{"taxonomy":"post_tag","embeddable":true,"href":"https:\/\/www.sudoestehoje.com.br\/novoportal\/wp-json\/wp\/v2\/tags?post=70504"}],"curies":[{"name":"wp","href":"https:\/\/api.w.org\/{rel}","templated":true}]}}