
{"id":70501,"date":"2018-02-16T17:37:22","date_gmt":"2018-02-16T20:37:22","guid":{"rendered":"http:\/\/www.sudoestehoje.com.br\/novoportal\/?p=70501"},"modified":"2018-02-16T19:09:51","modified_gmt":"2018-02-16T22:09:51","slug":"regiao-motorista-morre-e-22-pessoas-ficam-feridas-em-acidente-na-br-116","status":"publish","type":"post","link":"https:\/\/www.sudoestehoje.com.br\/novoportal\/2018\/02\/16\/regiao-motorista-morre-e-22-pessoas-ficam-feridas-em-acidente-na-br-116\/","title":{"rendered":"REGI\u00c3O: MOTORISTA MORRE E 22 PESSOAS FICAM FERIDAS EM ACIDENTE NA BR-116"},"content":{"rendered":"<p><a href=\"http:\/\/www.sudoestehoje.com.br\/novoportal\/wp-content\/uploads\/2018\/02\/acidente.jpg\"><img loading=\"lazy\" decoding=\"async\" class=\"aligncenter size-medium wp-image-70502\" src=\"http:\/\/www.sudoestehoje.com.br\/novoportal\/wp-content\/uploads\/2018\/02\/acidente-500x350.jpg\" alt=\"\" width=\"500\" height=\"350\" srcset=\"https:\/\/www.sudoestehoje.com.br\/novoportal\/wp-content\/uploads\/2018\/02\/acidente-500x350.jpg 500w, https:\/\/www.sudoestehoje.com.br\/novoportal\/wp-content\/uploads\/2018\/02\/acidente.jpg 600w\" sizes=\"auto, (max-width: 500px) 100vw, 500px\" \/><\/a><\/p>\n<p>Um acidente envolvendo um micro-\u00f4nibus e um caminh\u00e3o deixou, pelo menos, 22 pessoas feridas e uma morta na manh\u00e3 desta sexta-feira (16), na BR-116, no km-719, no trecho do munic\u00edpio de Manoel Vitorino, no sudoeste da Bahia.<\/p>\n<p>De acordo com informa\u00e7\u00f5es da Pol\u00edcia Rodovi\u00e1ria Federal (PRF), a rodovia ficou completamente interditada, o que provocou um congestionamento de cerca de tr\u00eas quil\u00f4metros.<\/p>\n<p>Os feridos foram socorridos por equipes da Via Bahia, concession\u00e1ria que administra a rodovia, para unidades m\u00e9dicas da regi\u00e3o. O condutor do caminh\u00e3o, Matheus Souza Chaves, de 30 anos, morreu no local.<\/p>\n<p><a href=\"http:\/\/www.sudoestehoje.com.br\/novoportal\/wp-content\/uploads\/2018\/02\/MOTORISTA.jpg\"><img loading=\"lazy\" decoding=\"async\" class=\"aligncenter size-medium wp-image-70512\" src=\"http:\/\/www.sudoestehoje.com.br\/novoportal\/wp-content\/uploads\/2018\/02\/MOTORISTA-500x313.jpg\" alt=\"\" width=\"500\" height=\"313\" srcset=\"https:\/\/www.sudoestehoje.com.br\/novoportal\/wp-content\/uploads\/2018\/02\/MOTORISTA-500x313.jpg 500w, https:\/\/www.sudoestehoje.com.br\/novoportal\/wp-content\/uploads\/2018\/02\/MOTORISTA-768x481.jpg 768w, https:\/\/www.sudoestehoje.com.br\/novoportal\/wp-content\/uploads\/2018\/02\/MOTORISTA-700x439.jpg 700w, https:\/\/www.sudoestehoje.com.br\/novoportal\/wp-content\/uploads\/2018\/02\/MOTORISTA.jpg 1262w\" sizes=\"auto, (max-width: 500px) 100vw, 500px\" \/><\/a><\/p>\n<p>SEGUNDA MORTE CONFIRMADA<\/p>\n<div class=\"mc-column content-text active-extra-styles active-capital-letter\" data-block-type=\"unstyled\" data-block-weight=\"42\" data-block-id=\"2\">\n<p class=\"content-text__container theme-color-primary-first-letter\" data-track-category=\"Link no Texto\" data-track-links=\"\">oi confirmada pelo Hospital Prado Valadares, em Jequi\u00e9, no sudoeste da Bahia, a segunda morte consequente da\u00a0colis\u00e3o entre um micro-\u00f4nibus e um caminh\u00e3o, ocorrida na manh\u00e3 desta sexta-feira (16), no Km-719 da BR-116, trecho que corresponde \u00e0 cidade de Manoel Vitorino.<\/p>\n<\/div>\n<div class=\"mc-column content-text active-extra-styles \" data-block-type=\"unstyled\" data-block-weight=\"36\" data-block-id=\"3\">\n<p class=\"content-text__container \" data-track-category=\"Link no Texto\" data-track-links=\"\">A segunda v\u00edtima fatal foi identificada como Gleidson Souza Silva, de 20 anos. Ele era o motorista do micro-\u00f4nibus. O corpo de Gleidson ser\u00e1 encaminhado ao Departamento de Pol\u00edcia T\u00e9cnica de Jequi\u00e9 (DPT), onde ser\u00e1 periciado.<\/p>\n<\/div>\n","protected":false},"excerpt":{"rendered":"<p>Um acidente envolvendo um micro-\u00f4nibus e um caminh\u00e3o deixou, pelo menos, 22 pessoas feridas e uma morta na manh\u00e3 desta sexta-feira (16), na BR-116, no km-719, no trecho do munic\u00edpio de Manoel Vitorino, no sudoeste da Bahia. De acordo com informa\u00e7\u00f5es da Pol\u00edcia Rodovi\u00e1ria Federal (PRF), a rodovia ficou completamente interditada, o que provocou um [&hellip;]<\/p>\n","protected":false},"author":2,"featured_media":70502,"comment_status":"open","ping_status":"open","sticky":false,"template":"","format":"standard","meta":{"footnotes":"","_links_to":"","_links_to_target":""},"categories":[1],"tags":[],"class_list":["post-70501","post","type-post","status-publish","format-standard","has-post-thumbnail","hentry","category-geral"],"views":5220,"_links":{"self":[{"href":"https:\/\/www.sudoestehoje.com.br\/novoportal\/wp-json\/wp\/v2\/posts\/70501","targetHints":{"allow":["GET"]}}],"collection":[{"href":"https:\/\/www.sudoestehoje.com.br\/novoportal\/wp-json\/wp\/v2\/posts"}],"about":[{"href":"https:\/\/www.sudoestehoje.com.br\/novoportal\/wp-json\/wp\/v2\/types\/post"}],"author":[{"embeddable":true,"href":"https:\/\/www.sudoestehoje.com.br\/novoportal\/wp-json\/wp\/v2\/users\/2"}],"replies":[{"embeddable":true,"href":"https:\/\/www.sudoestehoje.com.br\/novoportal\/wp-json\/wp\/v2\/comments?post=70501"}],"version-history":[{"count":4,"href":"https:\/\/www.sudoestehoje.com.br\/novoportal\/wp-json\/wp\/v2\/posts\/70501\/revisions"}],"predecessor-version":[{"id":70514,"href":"https:\/\/www.sudoestehoje.com.br\/novoportal\/wp-json\/wp\/v2\/posts\/70501\/revisions\/70514"}],"wp:featuredmedia":[{"embeddable":true,"href":"https:\/\/www.sudoestehoje.com.br\/novoportal\/wp-json\/wp\/v2\/media\/70502"}],"wp:attachment":[{"href":"https:\/\/www.sudoestehoje.com.br\/novoportal\/wp-json\/wp\/v2\/media?parent=70501"}],"wp:term":[{"taxonomy":"category","embeddable":true,"href":"https:\/\/www.sudoestehoje.com.br\/novoportal\/wp-json\/wp\/v2\/categories?post=70501"},{"taxonomy":"post_tag","embeddable":true,"href":"https:\/\/www.sudoestehoje.com.br\/novoportal\/wp-json\/wp\/v2\/tags?post=70501"}],"curies":[{"name":"wp","href":"https:\/\/api.w.org\/{rel}","templated":true}]}}