
{"id":70495,"date":"2018-02-16T17:20:29","date_gmt":"2018-02-16T20:20:29","guid":{"rendered":"http:\/\/www.sudoestehoje.com.br\/novoportal\/?p=70495"},"modified":"2018-02-16T17:20:29","modified_gmt":"2018-02-16T20:20:29","slug":"itapetinga-camara-de-vereadores-inicia-trabalhos-legislativos-de-2018","status":"publish","type":"post","link":"https:\/\/www.sudoestehoje.com.br\/novoportal\/2018\/02\/16\/itapetinga-camara-de-vereadores-inicia-trabalhos-legislativos-de-2018\/","title":{"rendered":"ITAPETINGA: C\u00c2MARA DE VEREADORES INICIA TRABALHOS LEGISLATIVOS DE 2018"},"content":{"rendered":"<p><a href=\"http:\/\/www.sudoestehoje.com.br\/novoportal\/wp-content\/uploads\/2018\/02\/Sess\u00e3o-BB1.jpg\"><img loading=\"lazy\" decoding=\"async\" class=\"aligncenter size-medium wp-image-70496\" src=\"http:\/\/www.sudoestehoje.com.br\/novoportal\/wp-content\/uploads\/2018\/02\/Sess\u00e3o-BB1-500x300.jpg\" alt=\"\" width=\"500\" height=\"300\" \/><\/a><\/p>\n<p>A C\u00e2mara Municipal de Itapetinga abriu oficialmente o ano legislativo em sess\u00e3o solene realizada na noite dessa quinta-feira (15), ocasi\u00e3o em que foi apresentada a mensagem anual do prefeito Rodrigo Hagge (PMDB).<\/p>\n<p>Em seu discurso, o presidente Eliomar Barreira (PMDB), o Tarug\u00e3o, deu as boas-vindas aos vereadores e prometeu tornar a C\u00e2mara mais participativa, realizando sess\u00f5es itinerantes no distrito de Bandeira do Col\u00f4nia e no povoado de Palmares.<\/p>\n<p>Conforme orienta a Lei Org\u00e2nica do Munic\u00edpio, o prefeito encaminhou \u00e0 Casa a mensagem anual, destacando as principais a\u00e7\u00f5es desenvolvidas no ano de 2017. O vereador Jair Saloes (PMDB), l\u00edder do governo na C\u00e2mara, fez a leitura da mensagem, que tamb\u00e9m ressalta os problemas encontrados pela atual gest\u00e3o:\u00a0<i>\u201cE mesmo enfrentando s\u00e9rias dificuldades financeiras em decorr\u00eancia da frusta\u00e7\u00e3o de receitas e tamb\u00e9m por consequ\u00eancia de uma crise financeira maior que nosso pa\u00eds atravessa, neste primeiro ano de gest\u00e3o, conseguimos avan\u00e7os significativos nas mais diversas \u00e1reas, principalmente na sa\u00fade, educa\u00e7\u00e3o, infraestrutura, na reorganiza\u00e7\u00e3o financeira do munic\u00edpio, al\u00e9m de regularizarmos os sal\u00e1rios dos servidores que estavam atrasados\u201d<\/i>.<\/p>\n<p>A primeira sess\u00e3o ordin\u00e1ria de 2018 est\u00e1 prevista para ocorrer na pr\u00f3xima quarta-feira (21). As sess\u00f5es ordin\u00e1rias da C\u00e2mara Municipal de Itapetinga acontecem nas quartas e quintas-feiras, a partir das 19 horas. \/\/Ascom<\/p>\n","protected":false},"excerpt":{"rendered":"<p>A C\u00e2mara Municipal de Itapetinga abriu oficialmente o ano legislativo em sess\u00e3o solene realizada na noite dessa quinta-feira (15), ocasi\u00e3o em que foi apresentada a mensagem anual do prefeito Rodrigo Hagge (PMDB). Em seu discurso, o presidente Eliomar Barreira (PMDB), o Tarug\u00e3o, deu as boas-vindas aos vereadores e prometeu tornar a C\u00e2mara mais participativa, realizando [&hellip;]<\/p>\n","protected":false},"author":2,"featured_media":70496,"comment_status":"open","ping_status":"open","sticky":false,"template":"","format":"standard","meta":{"footnotes":"","_links_to":"","_links_to_target":""},"categories":[1],"tags":[],"class_list":["post-70495","post","type-post","status-publish","format-standard","has-post-thumbnail","hentry","category-geral"],"views":1117,"_links":{"self":[{"href":"https:\/\/www.sudoestehoje.com.br\/novoportal\/wp-json\/wp\/v2\/posts\/70495","targetHints":{"allow":["GET"]}}],"collection":[{"href":"https:\/\/www.sudoestehoje.com.br\/novoportal\/wp-json\/wp\/v2\/posts"}],"about":[{"href":"https:\/\/www.sudoestehoje.com.br\/novoportal\/wp-json\/wp\/v2\/types\/post"}],"author":[{"embeddable":true,"href":"https:\/\/www.sudoestehoje.com.br\/novoportal\/wp-json\/wp\/v2\/users\/2"}],"replies":[{"embeddable":true,"href":"https:\/\/www.sudoestehoje.com.br\/novoportal\/wp-json\/wp\/v2\/comments?post=70495"}],"version-history":[{"count":1,"href":"https:\/\/www.sudoestehoje.com.br\/novoportal\/wp-json\/wp\/v2\/posts\/70495\/revisions"}],"predecessor-version":[{"id":70497,"href":"https:\/\/www.sudoestehoje.com.br\/novoportal\/wp-json\/wp\/v2\/posts\/70495\/revisions\/70497"}],"wp:featuredmedia":[{"embeddable":true,"href":"https:\/\/www.sudoestehoje.com.br\/novoportal\/wp-json\/wp\/v2\/media\/70496"}],"wp:attachment":[{"href":"https:\/\/www.sudoestehoje.com.br\/novoportal\/wp-json\/wp\/v2\/media?parent=70495"}],"wp:term":[{"taxonomy":"category","embeddable":true,"href":"https:\/\/www.sudoestehoje.com.br\/novoportal\/wp-json\/wp\/v2\/categories?post=70495"},{"taxonomy":"post_tag","embeddable":true,"href":"https:\/\/www.sudoestehoje.com.br\/novoportal\/wp-json\/wp\/v2\/tags?post=70495"}],"curies":[{"name":"wp","href":"https:\/\/api.w.org\/{rel}","templated":true}]}}