
{"id":70486,"date":"2018-02-16T09:59:15","date_gmt":"2018-02-16T12:59:15","guid":{"rendered":"http:\/\/www.sudoestehoje.com.br\/novoportal\/?p=70486"},"modified":"2018-02-16T09:59:15","modified_gmt":"2018-02-16T12:59:15","slug":"governo-federal-decreta-intervencao-na-seguranca-do-rio-de-janeiro","status":"publish","type":"post","link":"https:\/\/www.sudoestehoje.com.br\/novoportal\/2018\/02\/16\/governo-federal-decreta-intervencao-na-seguranca-do-rio-de-janeiro\/","title":{"rendered":"GOVERNO FEDERAL DECRETA INTERVEN\u00c7\u00c3O NA SEGURAN\u00c7A DO RIO DE JANEIRO"},"content":{"rendered":"<p><a href=\"http:\/\/www.sudoestehoje.com.br\/novoportal\/wp-content\/uploads\/2018\/02\/temer-interven\u00e7\u00e3o-no-rj.jpg\"><img loading=\"lazy\" decoding=\"async\" class=\"aligncenter size-medium wp-image-70489\" src=\"http:\/\/www.sudoestehoje.com.br\/novoportal\/wp-content\/uploads\/2018\/02\/temer-interven\u00e7\u00e3o-no-rj-500x281.jpg\" alt=\"\" width=\"500\" height=\"281\" srcset=\"https:\/\/www.sudoestehoje.com.br\/novoportal\/wp-content\/uploads\/2018\/02\/temer-interven\u00e7\u00e3o-no-rj-500x281.jpg 500w, https:\/\/www.sudoestehoje.com.br\/novoportal\/wp-content\/uploads\/2018\/02\/temer-interven\u00e7\u00e3o-no-rj.jpg 640w\" sizes=\"auto, (max-width: 500px) 100vw, 500px\" \/><\/a><\/p>\n<p>O presidente Michel Temer decidiu no in\u00edcio da madrugada desta sexta-feira, 16, decretar interven\u00e7\u00e3o na seguran\u00e7a p\u00fablica do Rio de Janeiro.<\/p>\n<p>O Ex\u00e9rcito passar\u00e1 a ter responsabilidade sobre as pol\u00edcias, os bombeiros e a \u00e1rea de intelig\u00eancia do Estado, inclusive com poder de pris\u00e3o de seus membros. O interventor ser\u00e1 o general Walter Braga Neto.<\/p>\n<p>Na pr\u00e1tica, o oficial vai substituir o governador do Rio, Luiz Fernando Pez\u00e3o (MDB), na \u00e1rea de seguran\u00e7a. A decis\u00e3o do governo federal contou com o aval de Pez\u00e3o.<\/p>\n","protected":false},"excerpt":{"rendered":"<p>O presidente Michel Temer decidiu no in\u00edcio da madrugada desta sexta-feira, 16, decretar interven\u00e7\u00e3o na seguran\u00e7a p\u00fablica do Rio de Janeiro. O Ex\u00e9rcito passar\u00e1 a ter responsabilidade sobre as pol\u00edcias, os bombeiros e a \u00e1rea de intelig\u00eancia do Estado, inclusive com poder de pris\u00e3o de seus membros. O interventor ser\u00e1 o general Walter Braga Neto. [&hellip;]<\/p>\n","protected":false},"author":2,"featured_media":70489,"comment_status":"open","ping_status":"open","sticky":false,"template":"","format":"standard","meta":{"footnotes":"","_links_to":"","_links_to_target":""},"categories":[1],"tags":[],"class_list":["post-70486","post","type-post","status-publish","format-standard","has-post-thumbnail","hentry","category-geral"],"views":961,"_links":{"self":[{"href":"https:\/\/www.sudoestehoje.com.br\/novoportal\/wp-json\/wp\/v2\/posts\/70486","targetHints":{"allow":["GET"]}}],"collection":[{"href":"https:\/\/www.sudoestehoje.com.br\/novoportal\/wp-json\/wp\/v2\/posts"}],"about":[{"href":"https:\/\/www.sudoestehoje.com.br\/novoportal\/wp-json\/wp\/v2\/types\/post"}],"author":[{"embeddable":true,"href":"https:\/\/www.sudoestehoje.com.br\/novoportal\/wp-json\/wp\/v2\/users\/2"}],"replies":[{"embeddable":true,"href":"https:\/\/www.sudoestehoje.com.br\/novoportal\/wp-json\/wp\/v2\/comments?post=70486"}],"version-history":[{"count":3,"href":"https:\/\/www.sudoestehoje.com.br\/novoportal\/wp-json\/wp\/v2\/posts\/70486\/revisions"}],"predecessor-version":[{"id":70490,"href":"https:\/\/www.sudoestehoje.com.br\/novoportal\/wp-json\/wp\/v2\/posts\/70486\/revisions\/70490"}],"wp:featuredmedia":[{"embeddable":true,"href":"https:\/\/www.sudoestehoje.com.br\/novoportal\/wp-json\/wp\/v2\/media\/70489"}],"wp:attachment":[{"href":"https:\/\/www.sudoestehoje.com.br\/novoportal\/wp-json\/wp\/v2\/media?parent=70486"}],"wp:term":[{"taxonomy":"category","embeddable":true,"href":"https:\/\/www.sudoestehoje.com.br\/novoportal\/wp-json\/wp\/v2\/categories?post=70486"},{"taxonomy":"post_tag","embeddable":true,"href":"https:\/\/www.sudoestehoje.com.br\/novoportal\/wp-json\/wp\/v2\/tags?post=70486"}],"curies":[{"name":"wp","href":"https:\/\/api.w.org\/{rel}","templated":true}]}}