
{"id":70475,"date":"2018-02-15T18:24:08","date_gmt":"2018-02-15T21:24:08","guid":{"rendered":"http:\/\/www.sudoestehoje.com.br\/novoportal\/?p=70475"},"modified":"2018-02-15T19:49:44","modified_gmt":"2018-02-15T22:49:44","slug":"diluvio-em-itororo-leva-prefeito-adauto-a-decretar-estado-de-emergencia","status":"publish","type":"post","link":"https:\/\/www.sudoestehoje.com.br\/novoportal\/2018\/02\/15\/diluvio-em-itororo-leva-prefeito-adauto-a-decretar-estado-de-emergencia\/","title":{"rendered":"&#8220;DIL\u00daVIO&#8221; EM ITOROR\u00d3 LEVA PREFEITO ADAUTO A DECRETAR ESTADO DE EMERG\u00caNCIA"},"content":{"rendered":"<p><a href=\"http:\/\/www.sudoestehoje.com.br\/novoportal\/wp-content\/uploads\/2018\/02\/ADAUTO-2.jpg\"><img loading=\"lazy\" decoding=\"async\" class=\"aligncenter size-medium wp-image-70478\" src=\"http:\/\/www.sudoestehoje.com.br\/novoportal\/wp-content\/uploads\/2018\/02\/ADAUTO-2-500x257.jpg\" alt=\"\" width=\"500\" height=\"257\" srcset=\"https:\/\/www.sudoestehoje.com.br\/novoportal\/wp-content\/uploads\/2018\/02\/ADAUTO-2-500x257.jpg 500w, https:\/\/www.sudoestehoje.com.br\/novoportal\/wp-content\/uploads\/2018\/02\/ADAUTO-2-768x395.jpg 768w, https:\/\/www.sudoestehoje.com.br\/novoportal\/wp-content\/uploads\/2018\/02\/ADAUTO-2-700x360.jpg 700w, https:\/\/www.sudoestehoje.com.br\/novoportal\/wp-content\/uploads\/2018\/02\/ADAUTO-2.jpg 1600w\" sizes=\"auto, (max-width: 500px) 100vw, 500px\" \/><\/a><\/p>\n<p>Nas \u00faltimas semanas, algumas regi\u00f5es do estado foram atingidas por fortes chuvas, o que causou enormes preju\u00edzos e transtornos, a exemplo de Barra do Cho\u00e7a, onde parte da infraestrutura da cidade foi destro\u00e7ada pela enxurradas.<\/p>\n<p>No M\u00e9dio Sudoeste, entretanto, as chuvas foram moderadas, n\u00e3o havendo nenhum registro de inunda\u00e7\u00f5es que causassem preju\u00edzos e transtornos relevantes em qualquer dos seus 13 munic\u00edpios.<\/p>\n<p>Apesar disto, o prefeito de Itoror\u00f3, Adauto Almeida (PSDB) resolveu, estranhamente, decretar &#8220;Estado de Emerg\u00eancia&#8221; no munic\u00edpio, em decorr\u00eancia das &#8220;fortes chuvas&#8221; que, segundo ele e seu secretariado, causaram um verdadeiro &#8220;dil\u00favio&#8221; na capital da carne de sol. Curiosamente, o SAAE de Itoror\u00f3 estuda a possibilidade de racionar \u00e1gua, por conta do baixo n\u00edvel do Rio Col\u00f4nia, que abastece a cidade.<\/p>\n<p>Quando legalmente justificados e devidamente homologados pelo governador do estado, os decretos de emerg\u00eancia s\u00e3o utilizados para realiza\u00e7\u00e3o de compras e contrata\u00e7\u00e3o de determinados servi\u00e7os com dispensa de licita\u00e7\u00f5es, mas quando baseados em fatos inver\u00eddicos, \u00e9 pura marmelada.<\/p>\n<p>Nenhum prefeito que se preza utiliza desse tipo de artif\u00edcio, sob pena de ser ridicularizado e responder por falsidade ideol\u00f3gica, na forma prevista no C[odigo Penal e na lei n\u00ba 8.666 (lei de Licita\u00e7\u00f5es).<\/p>\n<p>Que besteira \u00e9 essa, mo\u00e7o?<\/p>\n<p><strong><em>Por Davi Ferraz<\/em><\/strong><\/p>\n","protected":false},"excerpt":{"rendered":"<p>Nas \u00faltimas semanas, algumas regi\u00f5es do estado foram atingidas por fortes chuvas, o que causou enormes preju\u00edzos e transtornos, a exemplo de Barra do Cho\u00e7a, onde parte da infraestrutura da cidade foi destro\u00e7ada pela enxurradas. No M\u00e9dio Sudoeste, entretanto, as chuvas foram moderadas, n\u00e3o havendo nenhum registro de inunda\u00e7\u00f5es que causassem preju\u00edzos e transtornos relevantes [&hellip;]<\/p>\n","protected":false},"author":2,"featured_media":70478,"comment_status":"open","ping_status":"open","sticky":false,"template":"","format":"standard","meta":{"footnotes":"","_links_to":"","_links_to_target":""},"categories":[1],"tags":[],"class_list":["post-70475","post","type-post","status-publish","format-standard","has-post-thumbnail","hentry","category-geral"],"views":3792,"_links":{"self":[{"href":"https:\/\/www.sudoestehoje.com.br\/novoportal\/wp-json\/wp\/v2\/posts\/70475","targetHints":{"allow":["GET"]}}],"collection":[{"href":"https:\/\/www.sudoestehoje.com.br\/novoportal\/wp-json\/wp\/v2\/posts"}],"about":[{"href":"https:\/\/www.sudoestehoje.com.br\/novoportal\/wp-json\/wp\/v2\/types\/post"}],"author":[{"embeddable":true,"href":"https:\/\/www.sudoestehoje.com.br\/novoportal\/wp-json\/wp\/v2\/users\/2"}],"replies":[{"embeddable":true,"href":"https:\/\/www.sudoestehoje.com.br\/novoportal\/wp-json\/wp\/v2\/comments?post=70475"}],"version-history":[{"count":7,"href":"https:\/\/www.sudoestehoje.com.br\/novoportal\/wp-json\/wp\/v2\/posts\/70475\/revisions"}],"predecessor-version":[{"id":70484,"href":"https:\/\/www.sudoestehoje.com.br\/novoportal\/wp-json\/wp\/v2\/posts\/70475\/revisions\/70484"}],"wp:featuredmedia":[{"embeddable":true,"href":"https:\/\/www.sudoestehoje.com.br\/novoportal\/wp-json\/wp\/v2\/media\/70478"}],"wp:attachment":[{"href":"https:\/\/www.sudoestehoje.com.br\/novoportal\/wp-json\/wp\/v2\/media?parent=70475"}],"wp:term":[{"taxonomy":"category","embeddable":true,"href":"https:\/\/www.sudoestehoje.com.br\/novoportal\/wp-json\/wp\/v2\/categories?post=70475"},{"taxonomy":"post_tag","embeddable":true,"href":"https:\/\/www.sudoestehoje.com.br\/novoportal\/wp-json\/wp\/v2\/tags?post=70475"}],"curies":[{"name":"wp","href":"https:\/\/api.w.org\/{rel}","templated":true}]}}