
{"id":70458,"date":"2018-02-14T12:00:39","date_gmt":"2018-02-14T15:00:39","guid":{"rendered":"http:\/\/www.sudoestehoje.com.br\/novoportal\/?p=70458"},"modified":"2018-02-14T12:00:39","modified_gmt":"2018-02-14T15:00:39","slug":"crianca-conquistense-de-6-anos-morre-afogada-em-piscina-de-hotel-em-cabralia","status":"publish","type":"post","link":"https:\/\/www.sudoestehoje.com.br\/novoportal\/2018\/02\/14\/crianca-conquistense-de-6-anos-morre-afogada-em-piscina-de-hotel-em-cabralia\/","title":{"rendered":"CRIAN\u00c7A CONQUISTENSE DE 6 ANOS MORRE AFOGADA EM PISCINA DE HOTEL EM CABR\u00c1LIA"},"content":{"rendered":"<p><a href=\"http:\/\/www.sudoestehoje.com.br\/novoportal\/wp-content\/uploads\/2018\/02\/PISCINA.jpg\"><img loading=\"lazy\" decoding=\"async\" class=\"aligncenter size-medium wp-image-70459\" src=\"http:\/\/www.sudoestehoje.com.br\/novoportal\/wp-content\/uploads\/2018\/02\/PISCINA-500x302.jpg\" alt=\"\" width=\"500\" height=\"302\" srcset=\"https:\/\/www.sudoestehoje.com.br\/novoportal\/wp-content\/uploads\/2018\/02\/PISCINA-500x302.jpg 500w, https:\/\/www.sudoestehoje.com.br\/novoportal\/wp-content\/uploads\/2018\/02\/PISCINA.jpg 529w\" sizes=\"auto, (max-width: 500px) 100vw, 500px\" \/><\/a><\/p>\n<p>Uma crian\u00e7a de tr\u00eas anos morreu afogada na piscina de um residencial em Coroa Vermelha, no munic\u00edpio de Santa Cruz Cabr\u00e1lia, por volta das 20h de ter\u00e7a-feira (13). Murilo Novaes Di \u00c1vila, que estava no local com os pais e outros familiares, foi retirado da \u00e1gua j\u00e1 desacordado.<\/p>\n<p>Ele chegou a ser encaminhado ao hospital municipal Jos\u00e9 Maria de Magalh\u00e3es Neto, mas n\u00e3o resistiu. A pol\u00edcia informou que ainda n\u00e3o conseguiu ouvir os familiares de Murilo, que s\u00e3o da cidade de Vit\u00f3ria da Conquista e est\u00e3o muito abalados.<\/p>\n<p>\u201cVamos abrir um inqu\u00e9rito para apura o caso, que tem caracter\u00edsticas de acidente, fatalidade\u201d, afirmou o delegado Marcelo Paiva. A dire\u00e7\u00e3o do Mar da Galileia informou que Murilo, a m\u00e3e e um grupo de cerca de oito familiares n\u00e3o estavam hospedados no residencial.<\/p>\n<p>De acordo com a informa\u00e7\u00e3o, eles j\u00e1 estavam na cidade h\u00e1 alguns dias, mas em uma casa alugada. \u201cNa noite de ter\u00e7a, o grupo veio ao residencial visitar outro parente, que tinha alugado um apartamento aqui desde o dia 9\u201d, informou um funcion\u00e1rio.<\/p>\n<p>Murilo teria ido ao banheiro com a av\u00f3, enquanto a m\u00e3e e os demais membros da fam\u00edlia ficaram na piscina. \u201cMas a av\u00f3 permaneceu no banheiro e o menino retornou sozinho, quando deve ter pulado na piscina\u201d, acrescenta o funcion\u00e1rio. Outro h\u00f3spede, que caminhava pela piscina, encontrou a crian\u00e7a debaixo da \u00e1gua. <em>\/\/Radar 64<\/em><\/p>\n","protected":false},"excerpt":{"rendered":"<p>Uma crian\u00e7a de tr\u00eas anos morreu afogada na piscina de um residencial em Coroa Vermelha, no munic\u00edpio de Santa Cruz Cabr\u00e1lia, por volta das 20h de ter\u00e7a-feira (13). Murilo Novaes Di \u00c1vila, que estava no local com os pais e outros familiares, foi retirado da \u00e1gua j\u00e1 desacordado. Ele chegou a ser encaminhado ao hospital [&hellip;]<\/p>\n","protected":false},"author":2,"featured_media":70459,"comment_status":"open","ping_status":"open","sticky":false,"template":"","format":"standard","meta":{"footnotes":"","_links_to":"","_links_to_target":""},"categories":[1],"tags":[],"class_list":["post-70458","post","type-post","status-publish","format-standard","has-post-thumbnail","hentry","category-geral"],"views":2379,"_links":{"self":[{"href":"https:\/\/www.sudoestehoje.com.br\/novoportal\/wp-json\/wp\/v2\/posts\/70458","targetHints":{"allow":["GET"]}}],"collection":[{"href":"https:\/\/www.sudoestehoje.com.br\/novoportal\/wp-json\/wp\/v2\/posts"}],"about":[{"href":"https:\/\/www.sudoestehoje.com.br\/novoportal\/wp-json\/wp\/v2\/types\/post"}],"author":[{"embeddable":true,"href":"https:\/\/www.sudoestehoje.com.br\/novoportal\/wp-json\/wp\/v2\/users\/2"}],"replies":[{"embeddable":true,"href":"https:\/\/www.sudoestehoje.com.br\/novoportal\/wp-json\/wp\/v2\/comments?post=70458"}],"version-history":[{"count":2,"href":"https:\/\/www.sudoestehoje.com.br\/novoportal\/wp-json\/wp\/v2\/posts\/70458\/revisions"}],"predecessor-version":[{"id":70461,"href":"https:\/\/www.sudoestehoje.com.br\/novoportal\/wp-json\/wp\/v2\/posts\/70458\/revisions\/70461"}],"wp:featuredmedia":[{"embeddable":true,"href":"https:\/\/www.sudoestehoje.com.br\/novoportal\/wp-json\/wp\/v2\/media\/70459"}],"wp:attachment":[{"href":"https:\/\/www.sudoestehoje.com.br\/novoportal\/wp-json\/wp\/v2\/media?parent=70458"}],"wp:term":[{"taxonomy":"category","embeddable":true,"href":"https:\/\/www.sudoestehoje.com.br\/novoportal\/wp-json\/wp\/v2\/categories?post=70458"},{"taxonomy":"post_tag","embeddable":true,"href":"https:\/\/www.sudoestehoje.com.br\/novoportal\/wp-json\/wp\/v2\/tags?post=70458"}],"curies":[{"name":"wp","href":"https:\/\/api.w.org\/{rel}","templated":true}]}}