
{"id":70448,"date":"2018-02-13T19:51:41","date_gmt":"2018-02-13T22:51:41","guid":{"rendered":"http:\/\/www.sudoestehoje.com.br\/novoportal\/?p=70448"},"modified":"2018-02-13T19:51:41","modified_gmt":"2018-02-13T22:51:41","slug":"juazeiro-jogador-da-juazeirense-sofre-infarto-e-morre-durante-treino","status":"publish","type":"post","link":"https:\/\/www.sudoestehoje.com.br\/novoportal\/2018\/02\/13\/juazeiro-jogador-da-juazeirense-sofre-infarto-e-morre-durante-treino\/","title":{"rendered":"JUAZEIRO: JOGADOR DA JUAZEIRENSE SOFRE INFARTO E MORRE DURANTE TREINO"},"content":{"rendered":"<div id=\"data-postagem\" class=\"data-postagem\"><a href=\"http:\/\/www.sudoestehoje.com.br\/novoportal\/wp-content\/uploads\/2018\/02\/danilo.jpg\"><img loading=\"lazy\" decoding=\"async\" class=\"aligncenter size-medium wp-image-70450\" src=\"http:\/\/www.sudoestehoje.com.br\/novoportal\/wp-content\/uploads\/2018\/02\/danilo-500x476.jpg\" alt=\"\" width=\"500\" height=\"476\" srcset=\"https:\/\/www.sudoestehoje.com.br\/novoportal\/wp-content\/uploads\/2018\/02\/danilo-500x476.jpg 500w, https:\/\/www.sudoestehoje.com.br\/novoportal\/wp-content\/uploads\/2018\/02\/danilo-768x731.jpg 768w, https:\/\/www.sudoestehoje.com.br\/novoportal\/wp-content\/uploads\/2018\/02\/danilo-700x666.jpg 700w, https:\/\/www.sudoestehoje.com.br\/novoportal\/wp-content\/uploads\/2018\/02\/danilo.jpg 788w\" sizes=\"auto, (max-width: 500px) 100vw, 500px\" \/><\/a><\/div>\n<div id=\"texto\">\n<div class=\"mc-column content-text active-extra-styles active-capital-letter\" data-block-type=\"unstyled\" data-block-weight=\"30\" data-block-id=\"2\">\n<p class=\"content-text__container theme-color-primary-first-letter\" data-track-category=\"Link no Texto\" data-track-links=\"\">A Desportiva Juazeirense, principal equipe de futebol de Juazeiro, no norte da Bahia, sofreu uma perda tr\u00e1gica na tarde desta ter\u00e7a-feira. Durante o treinamento da equipe, o meio-campo Danilinho teve um mal-estar e precisou ser levado ao hospital, mas n\u00e3o resistiu.<\/p>\n<\/div>\n<div class=\"mc-column content-text active-extra-styles \" data-block-type=\"unstyled\" data-block-weight=\"80\" data-block-id=\"3\">\n<p class=\"content-text__container \" data-track-category=\"Link no Texto\" data-track-links=\"\">De acordo com a assessoria de imprensa da equipe, o jogador de 32 anos j\u00e1 tinha treinado e estava parado no momento em que se sentiu mal, agachado no gramado, observando o treinamento.<\/p>\n<p class=\"content-text__container \" data-track-category=\"Link no Texto\" data-track-links=\"\">De repente, ele caiu. Encaminhado ao Hospital Memorial de Petrolina, o atleta chegou ainda com vida, mas foi declarado morto por volta das 17h30.<\/p>\n<p class=\"content-text__container \" data-track-category=\"Link no Texto\" data-track-links=\"\">A causa da morte ainda n\u00e3o foi divulgada oficialmente pelos m\u00e9dicos, mas a assessoria informou que houve uma arritmia seguida de parada card\u00edaca.<\/p>\n<\/div>\n<div class=\"mc-column content-text active-extra-styles \" data-block-type=\"unstyled\" data-block-weight=\"31\" data-block-id=\"4\">\n<p class=\"content-text__container \" data-track-category=\"Link no Texto\" data-track-links=\"\">A esposa do atleta j\u00e1 est\u00e1 em Juazeiro. Ele deixa um filho de 10 anos. Ainda n\u00e3o se sabe onde ser\u00e1 realizado o sepultamento de Danilinho, que \u00e9 natural de Bauru-SP.<\/p>\n<\/div>\n<div data-track-category=\"fim do conteudo\" data-track-action=\"ultimo chunk conteudo\" data-track-noninteraction=\"false\" data-track-scroll=\"entrada completa viewport\">\n<div class=\"mc-column content-text active-extra-styles \" data-block-type=\"unstyled\" data-block-weight=\"39\" data-block-id=\"5\">\n<p class=\"content-text__container \" data-track-category=\"Link no Texto\" data-track-links=\"\">Danilinho iniciou a carreira no Jos\u00e9 Bonif\u00e1cio, clube do interior de S\u00e3o Paulo, de onde partiu para a Portuguesa Santista. No curr\u00edculo, ele teve passagens por clubes como Atl\u00e9tico-GO, Figueirense e Chapecoense. No ano passado, defendeu Itumbiara e Remo.<\/p>\n<\/div>\n<\/div>\n<\/div>\n","protected":false},"excerpt":{"rendered":"<p>A Desportiva Juazeirense, principal equipe de futebol de Juazeiro, no norte da Bahia, sofreu uma perda tr\u00e1gica na tarde desta ter\u00e7a-feira. Durante o treinamento da equipe, o meio-campo Danilinho teve um mal-estar e precisou ser levado ao hospital, mas n\u00e3o resistiu. De acordo com a assessoria de imprensa da equipe, o jogador de 32 anos [&hellip;]<\/p>\n","protected":false},"author":2,"featured_media":70450,"comment_status":"open","ping_status":"open","sticky":false,"template":"","format":"standard","meta":{"footnotes":"","_links_to":"","_links_to_target":""},"categories":[1],"tags":[],"class_list":["post-70448","post","type-post","status-publish","format-standard","has-post-thumbnail","hentry","category-geral"],"views":2295,"_links":{"self":[{"href":"https:\/\/www.sudoestehoje.com.br\/novoportal\/wp-json\/wp\/v2\/posts\/70448","targetHints":{"allow":["GET"]}}],"collection":[{"href":"https:\/\/www.sudoestehoje.com.br\/novoportal\/wp-json\/wp\/v2\/posts"}],"about":[{"href":"https:\/\/www.sudoestehoje.com.br\/novoportal\/wp-json\/wp\/v2\/types\/post"}],"author":[{"embeddable":true,"href":"https:\/\/www.sudoestehoje.com.br\/novoportal\/wp-json\/wp\/v2\/users\/2"}],"replies":[{"embeddable":true,"href":"https:\/\/www.sudoestehoje.com.br\/novoportal\/wp-json\/wp\/v2\/comments?post=70448"}],"version-history":[{"count":2,"href":"https:\/\/www.sudoestehoje.com.br\/novoportal\/wp-json\/wp\/v2\/posts\/70448\/revisions"}],"predecessor-version":[{"id":70451,"href":"https:\/\/www.sudoestehoje.com.br\/novoportal\/wp-json\/wp\/v2\/posts\/70448\/revisions\/70451"}],"wp:featuredmedia":[{"embeddable":true,"href":"https:\/\/www.sudoestehoje.com.br\/novoportal\/wp-json\/wp\/v2\/media\/70450"}],"wp:attachment":[{"href":"https:\/\/www.sudoestehoje.com.br\/novoportal\/wp-json\/wp\/v2\/media?parent=70448"}],"wp:term":[{"taxonomy":"category","embeddable":true,"href":"https:\/\/www.sudoestehoje.com.br\/novoportal\/wp-json\/wp\/v2\/categories?post=70448"},{"taxonomy":"post_tag","embeddable":true,"href":"https:\/\/www.sudoestehoje.com.br\/novoportal\/wp-json\/wp\/v2\/tags?post=70448"}],"curies":[{"name":"wp","href":"https:\/\/api.w.org\/{rel}","templated":true}]}}