
{"id":70443,"date":"2018-02-13T17:39:49","date_gmt":"2018-02-13T20:39:49","guid":{"rendered":"http:\/\/www.sudoestehoje.com.br\/novoportal\/?p=70443"},"modified":"2018-02-13T17:40:13","modified_gmt":"2018-02-13T20:40:13","slug":"acm-neto-danca-lambada-em-frente-ao-camarote-de-rui-no-campo-grande","status":"publish","type":"post","link":"https:\/\/www.sudoestehoje.com.br\/novoportal\/2018\/02\/13\/acm-neto-danca-lambada-em-frente-ao-camarote-de-rui-no-campo-grande\/","title":{"rendered":"ACM NETO DAN\u00c7A LAMBADA EM FRENTE AO CAMAROTE DE RUI NO CAMPO GRANDE"},"content":{"rendered":"<p><a href=\"http:\/\/www.sudoestehoje.com.br\/novoportal\/wp-content\/uploads\/2018\/02\/LAMBADA-DE-NETO.jpg\"><img loading=\"lazy\" decoding=\"async\" class=\"aligncenter wp-image-70446\" src=\"http:\/\/www.sudoestehoje.com.br\/novoportal\/wp-content\/uploads\/2018\/02\/LAMBADA-DE-NETO.jpg\" alt=\"\" width=\"501\" height=\"267\" \/><\/a><\/p>\n<p>Apesar de Rui Costa (PT) e ACM Neto (DEM) evitarem os termos &#8220;disputa&#8221; e &#8220;rusga&#8221;, em bom baian\u00eas, a pirra\u00e7a \u00e9 cada dia mais vis\u00edvel. Neste domingo (11), o prefeito ACM Neto, que acompanhava o bloco do Alavont\u00ea, no Campo Grande, roubou as aten\u00e7\u00f5es ao dan\u00e7ar lambada em frente ao camarote que estava o governador \u2014 e, obviamente, atraiu a aten\u00e7\u00e3o de todos os foli\u00f5es. O registro foi feito pelo rep\u00f3rter Jean Mendes, do Aratu Online.<\/p>\n<p>A situa\u00e7\u00e3o aconteceu em frente ao camarote da SBT, de onde o governador acompanhava a festa e acenava para o p\u00fablico. Apesar da proximidade, Rui e Neto sequer se cumprimentaram.<\/p>\n<p><strong>Veja v\u00eddeo:<\/strong><\/p>\n<p><iframe loading=\"lazy\" title=\"ACM Neto dan\u00e7a lambada; Rui Costa acena pro povo. Frente a Frente\" width=\"500\" height=\"281\" src=\"https:\/\/www.youtube.com\/embed\/aBKmnxNX91U?start=10&#038;feature=oembed\" frameborder=\"0\" allow=\"accelerometer; autoplay; clipboard-write; encrypted-media; gyroscope; picture-in-picture; web-share\" referrerpolicy=\"strict-origin-when-cross-origin\" allowfullscreen><\/iframe><\/p>\n","protected":false},"excerpt":{"rendered":"<p>Apesar de Rui Costa (PT) e ACM Neto (DEM) evitarem os termos &#8220;disputa&#8221; e &#8220;rusga&#8221;, em bom baian\u00eas, a pirra\u00e7a \u00e9 cada dia mais vis\u00edvel. Neste domingo (11), o prefeito ACM Neto, que acompanhava o bloco do Alavont\u00ea, no Campo Grande, roubou as aten\u00e7\u00f5es ao dan\u00e7ar lambada em frente ao camarote que estava o governador [&hellip;]<\/p>\n","protected":false},"author":2,"featured_media":70446,"comment_status":"open","ping_status":"open","sticky":false,"template":"","format":"standard","meta":{"footnotes":"","_links_to":"","_links_to_target":""},"categories":[1],"tags":[],"class_list":["post-70443","post","type-post","status-publish","format-standard","has-post-thumbnail","hentry","category-geral"],"views":2105,"_links":{"self":[{"href":"https:\/\/www.sudoestehoje.com.br\/novoportal\/wp-json\/wp\/v2\/posts\/70443","targetHints":{"allow":["GET"]}}],"collection":[{"href":"https:\/\/www.sudoestehoje.com.br\/novoportal\/wp-json\/wp\/v2\/posts"}],"about":[{"href":"https:\/\/www.sudoestehoje.com.br\/novoportal\/wp-json\/wp\/v2\/types\/post"}],"author":[{"embeddable":true,"href":"https:\/\/www.sudoestehoje.com.br\/novoportal\/wp-json\/wp\/v2\/users\/2"}],"replies":[{"embeddable":true,"href":"https:\/\/www.sudoestehoje.com.br\/novoportal\/wp-json\/wp\/v2\/comments?post=70443"}],"version-history":[{"count":3,"href":"https:\/\/www.sudoestehoje.com.br\/novoportal\/wp-json\/wp\/v2\/posts\/70443\/revisions"}],"predecessor-version":[{"id":70447,"href":"https:\/\/www.sudoestehoje.com.br\/novoportal\/wp-json\/wp\/v2\/posts\/70443\/revisions\/70447"}],"wp:featuredmedia":[{"embeddable":true,"href":"https:\/\/www.sudoestehoje.com.br\/novoportal\/wp-json\/wp\/v2\/media\/70446"}],"wp:attachment":[{"href":"https:\/\/www.sudoestehoje.com.br\/novoportal\/wp-json\/wp\/v2\/media?parent=70443"}],"wp:term":[{"taxonomy":"category","embeddable":true,"href":"https:\/\/www.sudoestehoje.com.br\/novoportal\/wp-json\/wp\/v2\/categories?post=70443"},{"taxonomy":"post_tag","embeddable":true,"href":"https:\/\/www.sudoestehoje.com.br\/novoportal\/wp-json\/wp\/v2\/tags?post=70443"}],"curies":[{"name":"wp","href":"https:\/\/api.w.org\/{rel}","templated":true}]}}