
{"id":70438,"date":"2018-02-13T11:08:37","date_gmt":"2018-02-13T14:08:37","guid":{"rendered":"http:\/\/www.sudoestehoje.com.br\/novoportal\/?p=70438"},"modified":"2018-02-13T11:08:54","modified_gmt":"2018-02-13T14:08:54","slug":"itapetinga-macaco-e-encontrado-morto-proximo-ao-distrito-de-bandeira-do-colonia","status":"publish","type":"post","link":"https:\/\/www.sudoestehoje.com.br\/novoportal\/2018\/02\/13\/itapetinga-macaco-e-encontrado-morto-proximo-ao-distrito-de-bandeira-do-colonia\/","title":{"rendered":"ITAPETINGA: MACACO \u00c9 ENCONTRADO MORTO PR\u00d3XIMO AO DISTRITO DE BANDEIRA DO COL\u00d4NIA"},"content":{"rendered":"<p><a href=\"http:\/\/www.sudoestehoje.com.br\/novoportal\/wp-content\/uploads\/2018\/02\/Macaco.jpg\"><img loading=\"lazy\" decoding=\"async\" class=\"aligncenter size-medium wp-image-70440\" src=\"http:\/\/www.sudoestehoje.com.br\/novoportal\/wp-content\/uploads\/2018\/02\/Macaco-500x328.jpg\" alt=\"\" width=\"500\" height=\"328\" \/><\/a><\/p>\n<p>Moradores do distrito de Bandeira do Col\u00f4nia, no munic\u00edpio de Itapetinga, encontraram um macaco de m\u00e9dio porte morto pr\u00f3ximo ao Rio Col\u00f4nia na manh\u00e3 desta segunda-feira, 12. Segundo informa\u00e7\u00f5es, \u00e9 comum encontrar nessa regi\u00e3o esse tipo de macaco que s\u00e3o d\u00f3ceis e acabam sendo alimentados pela popula\u00e7\u00e3o.<\/p>\n<p>A vigil\u00e2ncia epidemiol\u00f3gica de Itapetinga foi acionada, recolheu e enviou para an\u00e1lise os restos mortais do\u00a0animal que n\u00e3o transmite Febre Amarela, mas, d\u00e1 indicativos de que o v\u00edrus possa est\u00e1 em determinada regi\u00e3o.<\/p>\n<p>Em conversa com Candice Costa, coordenadora da Vigil\u00e2ncia Epidemiol\u00f3gica de Itapetinga e Marcio Ribeiro coordenador de Endemias foi informado que como medida emergencial a vigil\u00e2ncia far\u00e1 bloqueio vacinal na manh\u00e3 desta ter\u00e7a-feira, 13, num raio que se estende a 400mts do local e vai tamb\u00e9m realizar aplica\u00e7\u00e3o de produtos repelentes com uma maquina costal.<\/p>\n<p>Febre amarela\u00a0\u00e9 uma doen\u00e7a viral aguda causada pelo v\u00edrus da\u00a0febre amarela. Na maior parte dos casos, os sintomas incluem febre, calafrios, perda de apetite, n\u00e1useas, dores de cabe\u00e7a e dores musculares, principalmente nas costas. \/\/<em>Informa\u00e7\u00f5es do Blog Itoror\u00f3 J\u00e1<\/em><\/p>\n","protected":false},"excerpt":{"rendered":"<p>Moradores do distrito de Bandeira do Col\u00f4nia, no munic\u00edpio de Itapetinga, encontraram um macaco de m\u00e9dio porte morto pr\u00f3ximo ao Rio Col\u00f4nia na manh\u00e3 desta segunda-feira, 12. Segundo informa\u00e7\u00f5es, \u00e9 comum encontrar nessa regi\u00e3o esse tipo de macaco que s\u00e3o d\u00f3ceis e acabam sendo alimentados pela popula\u00e7\u00e3o. A vigil\u00e2ncia epidemiol\u00f3gica de Itapetinga foi acionada, recolheu [&hellip;]<\/p>\n","protected":false},"author":2,"featured_media":70440,"comment_status":"open","ping_status":"open","sticky":false,"template":"","format":"standard","meta":{"footnotes":"","_links_to":"","_links_to_target":""},"categories":[1],"tags":[],"class_list":["post-70438","post","type-post","status-publish","format-standard","has-post-thumbnail","hentry","category-geral"],"views":3259,"_links":{"self":[{"href":"https:\/\/www.sudoestehoje.com.br\/novoportal\/wp-json\/wp\/v2\/posts\/70438","targetHints":{"allow":["GET"]}}],"collection":[{"href":"https:\/\/www.sudoestehoje.com.br\/novoportal\/wp-json\/wp\/v2\/posts"}],"about":[{"href":"https:\/\/www.sudoestehoje.com.br\/novoportal\/wp-json\/wp\/v2\/types\/post"}],"author":[{"embeddable":true,"href":"https:\/\/www.sudoestehoje.com.br\/novoportal\/wp-json\/wp\/v2\/users\/2"}],"replies":[{"embeddable":true,"href":"https:\/\/www.sudoestehoje.com.br\/novoportal\/wp-json\/wp\/v2\/comments?post=70438"}],"version-history":[{"count":3,"href":"https:\/\/www.sudoestehoje.com.br\/novoportal\/wp-json\/wp\/v2\/posts\/70438\/revisions"}],"predecessor-version":[{"id":70442,"href":"https:\/\/www.sudoestehoje.com.br\/novoportal\/wp-json\/wp\/v2\/posts\/70438\/revisions\/70442"}],"wp:featuredmedia":[{"embeddable":true,"href":"https:\/\/www.sudoestehoje.com.br\/novoportal\/wp-json\/wp\/v2\/media\/70440"}],"wp:attachment":[{"href":"https:\/\/www.sudoestehoje.com.br\/novoportal\/wp-json\/wp\/v2\/media?parent=70438"}],"wp:term":[{"taxonomy":"category","embeddable":true,"href":"https:\/\/www.sudoestehoje.com.br\/novoportal\/wp-json\/wp\/v2\/categories?post=70438"},{"taxonomy":"post_tag","embeddable":true,"href":"https:\/\/www.sudoestehoje.com.br\/novoportal\/wp-json\/wp\/v2\/tags?post=70438"}],"curies":[{"name":"wp","href":"https:\/\/api.w.org\/{rel}","templated":true}]}}