
{"id":7042,"date":"2011-07-27T09:10:25","date_gmt":"2011-07-27T12:10:25","guid":{"rendered":"http:\/\/www.sudoestehoje.com.br\/novoportal\/?p=7042"},"modified":"2011-07-27T09:10:25","modified_gmt":"2011-07-27T12:10:25","slug":"senador-joao-durval-pode-trocar-o-pdt-pelo-pp","status":"publish","type":"post","link":"https:\/\/www.sudoestehoje.com.br\/novoportal\/2011\/07\/27\/senador-joao-durval-pode-trocar-o-pdt-pelo-pp\/","title":{"rendered":"SENADOR JO\u00c3O DURVAL PODE TROCAR O PDT PELO PP"},"content":{"rendered":"<p style=\"text-align: center;\"><img decoding=\"async\" class=\"aligncenter\" src=\"http:\/\/www.bahianoticias.com.br\/fotos\/editor\/Image\/380X280\/joao_durval_plenario_independencia_bahia_foto-jose_cruz_ag_senado.jpg\" alt=\"\" \/>\u00a0<\/p>\n<p>Ap\u00f3s perder o comando do PDT em Feira de Santana, o senador Jo\u00e3o Durval estuda a possibilidade de filiar-se ao PP, partido que o seu filho, o prefeito Jo\u00e3o Henrique, ir\u00e1 presidir em Salvador. Em Feira, o PDT agora est\u00e1 nas m\u00e3os do prefeito Tarc\u00edzio Pimenta, ex-DEM. Segundo mat\u00e9ria do jornal Tribuna da Bahia, o senador j\u00e1 teria consultado sua assessoria jur\u00eddica para saber se haveria problemas com a Lei da Fidelidade Partid\u00e1ria ao mudar de legenda, como preven\u00e7\u00e3o contra pedidos de sua cassa\u00e7\u00e3o.\u00a0Se for para o PP, Durval permanecer\u00e1 na base dos governos Dilma Rousseff, no Brasil, e Jaques Wagner, na Bahia. BN<\/p>\n","protected":false},"excerpt":{"rendered":"<p>\u00a0 Ap\u00f3s perder o comando do PDT em Feira de Santana, o senador Jo\u00e3o Durval estuda a possibilidade de filiar-se ao PP, partido que o seu filho, o prefeito Jo\u00e3o Henrique, ir\u00e1 presidir em Salvador. Em Feira, o PDT agora est\u00e1 nas m\u00e3os do prefeito Tarc\u00edzio Pimenta, ex-DEM. Segundo mat\u00e9ria do jornal Tribuna da Bahia, [&hellip;]<\/p>\n","protected":false},"author":2,"featured_media":0,"comment_status":"open","ping_status":"open","sticky":false,"template":"","format":"standard","meta":{"footnotes":"","_links_to":"","_links_to_target":""},"categories":[1],"tags":[],"class_list":["post-7042","post","type-post","status-publish","format-standard","hentry","category-geral"],"views":1067,"_links":{"self":[{"href":"https:\/\/www.sudoestehoje.com.br\/novoportal\/wp-json\/wp\/v2\/posts\/7042","targetHints":{"allow":["GET"]}}],"collection":[{"href":"https:\/\/www.sudoestehoje.com.br\/novoportal\/wp-json\/wp\/v2\/posts"}],"about":[{"href":"https:\/\/www.sudoestehoje.com.br\/novoportal\/wp-json\/wp\/v2\/types\/post"}],"author":[{"embeddable":true,"href":"https:\/\/www.sudoestehoje.com.br\/novoportal\/wp-json\/wp\/v2\/users\/2"}],"replies":[{"embeddable":true,"href":"https:\/\/www.sudoestehoje.com.br\/novoportal\/wp-json\/wp\/v2\/comments?post=7042"}],"version-history":[{"count":3,"href":"https:\/\/www.sudoestehoje.com.br\/novoportal\/wp-json\/wp\/v2\/posts\/7042\/revisions"}],"predecessor-version":[{"id":7045,"href":"https:\/\/www.sudoestehoje.com.br\/novoportal\/wp-json\/wp\/v2\/posts\/7042\/revisions\/7045"}],"wp:attachment":[{"href":"https:\/\/www.sudoestehoje.com.br\/novoportal\/wp-json\/wp\/v2\/media?parent=7042"}],"wp:term":[{"taxonomy":"category","embeddable":true,"href":"https:\/\/www.sudoestehoje.com.br\/novoportal\/wp-json\/wp\/v2\/categories?post=7042"},{"taxonomy":"post_tag","embeddable":true,"href":"https:\/\/www.sudoestehoje.com.br\/novoportal\/wp-json\/wp\/v2\/tags?post=7042"}],"curies":[{"name":"wp","href":"https:\/\/api.w.org\/{rel}","templated":true}]}}