
{"id":70410,"date":"2018-02-10T09:27:07","date_gmt":"2018-02-10T12:27:07","guid":{"rendered":"http:\/\/www.sudoestehoje.com.br\/novoportal\/?p=70410"},"modified":"2018-02-10T09:27:25","modified_gmt":"2018-02-10T12:27:25","slug":"gemeas-de-ivete-sangalo-nascem-em-salvador-na-madrugada-deste-sabado","status":"publish","type":"post","link":"https:\/\/www.sudoestehoje.com.br\/novoportal\/2018\/02\/10\/gemeas-de-ivete-sangalo-nascem-em-salvador-na-madrugada-deste-sabado\/","title":{"rendered":"G\u00caMEAS DE IVETE SANGALO NASCEM EM SALVADOR NA MADRUGADA DESTE S\u00c1BADO"},"content":{"rendered":"<p><a href=\"http:\/\/www.sudoestehoje.com.br\/novoportal\/wp-content\/uploads\/2018\/02\/IVETE.jpg\"><img loading=\"lazy\" decoding=\"async\" class=\"aligncenter wp-image-70411\" src=\"http:\/\/www.sudoestehoje.com.br\/novoportal\/wp-content\/uploads\/2018\/02\/IVETE-500x281.jpg\" alt=\"\" width=\"502\" height=\"282\" srcset=\"https:\/\/www.sudoestehoje.com.br\/novoportal\/wp-content\/uploads\/2018\/02\/IVETE-500x281.jpg 500w, https:\/\/www.sudoestehoje.com.br\/novoportal\/wp-content\/uploads\/2018\/02\/IVETE-768x431.jpg 768w, https:\/\/www.sudoestehoje.com.br\/novoportal\/wp-content\/uploads\/2018\/02\/IVETE-700x393.jpg 700w, https:\/\/www.sudoestehoje.com.br\/novoportal\/wp-content\/uploads\/2018\/02\/IVETE.jpg 890w\" sizes=\"auto, (max-width: 502px) 100vw, 502px\" \/><\/a><\/p>\n<p>As g\u00eameas da cantora Ivete Sangalo e do nutricionista Daniel Cady nasceram no Hospital Alian\u00e7a, na manh\u00e3 deste s\u00e1bado (10), em Salvador. O parto foi ces\u00e1rea. Os nomes ainda n\u00e3o foram divulgados. As\u00a0contra\u00e7\u00f5es come\u00e7aram por volta da meia-noite. As meninas nasceram \u00e0s 4h30 (5h30 no hor\u00e1rio de Bras\u00edlia), e\u00a0t\u00eam cerca de 3 kg cada uma.<\/p>\n<p>Na madrugada deste s\u00e1bado, Ivete postou um v\u00eddeo no Instagram anunciando que estava na maternidade. No v\u00eddeo, ela aparece dan\u00e7ando a m\u00fasica de trabalho &#8220;No Groove&#8221;, feita em parceria com M\u00e1rcio Victor, que fez uma homenagem para cantora nesta sexta-feira (9).<\/p>\n<p>Al\u00e9m das g\u00eameas, Ivete j\u00e1 \u00e9 m\u00e3e de Marcelo, 8, tamb\u00e9m com Cady. <strong><em>Confira celebra\u00e7\u00e3o:<\/em><\/strong><\/p>\n<p>https:\/\/www.youtube.com\/watch?time_continue=32&#038;v=Xx6bx0TEUV0<\/p>\n","protected":false},"excerpt":{"rendered":"<p>As g\u00eameas da cantora Ivete Sangalo e do nutricionista Daniel Cady nasceram no Hospital Alian\u00e7a, na manh\u00e3 deste s\u00e1bado (10), em Salvador. O parto foi ces\u00e1rea. Os nomes ainda n\u00e3o foram divulgados. As\u00a0contra\u00e7\u00f5es come\u00e7aram por volta da meia-noite. As meninas nasceram \u00e0s 4h30 (5h30 no hor\u00e1rio de Bras\u00edlia), e\u00a0t\u00eam cerca de 3 kg cada uma. [&hellip;]<\/p>\n","protected":false},"author":2,"featured_media":70411,"comment_status":"open","ping_status":"open","sticky":false,"template":"","format":"standard","meta":{"footnotes":"","_links_to":"","_links_to_target":""},"categories":[1],"tags":[],"class_list":["post-70410","post","type-post","status-publish","format-standard","has-post-thumbnail","hentry","category-geral"],"views":1270,"_links":{"self":[{"href":"https:\/\/www.sudoestehoje.com.br\/novoportal\/wp-json\/wp\/v2\/posts\/70410","targetHints":{"allow":["GET"]}}],"collection":[{"href":"https:\/\/www.sudoestehoje.com.br\/novoportal\/wp-json\/wp\/v2\/posts"}],"about":[{"href":"https:\/\/www.sudoestehoje.com.br\/novoportal\/wp-json\/wp\/v2\/types\/post"}],"author":[{"embeddable":true,"href":"https:\/\/www.sudoestehoje.com.br\/novoportal\/wp-json\/wp\/v2\/users\/2"}],"replies":[{"embeddable":true,"href":"https:\/\/www.sudoestehoje.com.br\/novoportal\/wp-json\/wp\/v2\/comments?post=70410"}],"version-history":[{"count":2,"href":"https:\/\/www.sudoestehoje.com.br\/novoportal\/wp-json\/wp\/v2\/posts\/70410\/revisions"}],"predecessor-version":[{"id":70413,"href":"https:\/\/www.sudoestehoje.com.br\/novoportal\/wp-json\/wp\/v2\/posts\/70410\/revisions\/70413"}],"wp:featuredmedia":[{"embeddable":true,"href":"https:\/\/www.sudoestehoje.com.br\/novoportal\/wp-json\/wp\/v2\/media\/70411"}],"wp:attachment":[{"href":"https:\/\/www.sudoestehoje.com.br\/novoportal\/wp-json\/wp\/v2\/media?parent=70410"}],"wp:term":[{"taxonomy":"category","embeddable":true,"href":"https:\/\/www.sudoestehoje.com.br\/novoportal\/wp-json\/wp\/v2\/categories?post=70410"},{"taxonomy":"post_tag","embeddable":true,"href":"https:\/\/www.sudoestehoje.com.br\/novoportal\/wp-json\/wp\/v2\/tags?post=70410"}],"curies":[{"name":"wp","href":"https:\/\/api.w.org\/{rel}","templated":true}]}}