
{"id":70386,"date":"2018-02-09T10:50:10","date_gmt":"2018-02-09T13:50:10","guid":{"rendered":"http:\/\/www.sudoestehoje.com.br\/novoportal\/?p=70386"},"modified":"2018-02-09T10:50:10","modified_gmt":"2018-02-09T13:50:10","slug":"irmao-de-ze-dirceu-e-preso-na-lava-jato","status":"publish","type":"post","link":"https:\/\/www.sudoestehoje.com.br\/novoportal\/2018\/02\/09\/irmao-de-ze-dirceu-e-preso-na-lava-jato\/","title":{"rendered":"IRM\u00c3O DE Z\u00c9 DIRCEU \u00c9 PRESO NA LAVA JATO"},"content":{"rendered":"<p><a href=\"http:\/\/www.sudoestehoje.com.br\/novoportal\/wp-content\/uploads\/2018\/02\/IRM\u00c3O-Z\u00c9-DIRCEU.jpg\"><img loading=\"lazy\" decoding=\"async\" class=\"aligncenter size-medium wp-image-70387\" src=\"http:\/\/www.sudoestehoje.com.br\/novoportal\/wp-content\/uploads\/2018\/02\/IRM\u00c3O-Z\u00c9-DIRCEU-500x350.jpg\" alt=\"\" width=\"500\" height=\"350\" srcset=\"https:\/\/www.sudoestehoje.com.br\/novoportal\/wp-content\/uploads\/2018\/02\/IRM\u00c3O-Z\u00c9-DIRCEU-500x350.jpg 500w, https:\/\/www.sudoestehoje.com.br\/novoportal\/wp-content\/uploads\/2018\/02\/IRM\u00c3O-Z\u00c9-DIRCEU.jpg 600w\" sizes=\"auto, (max-width: 500px) 100vw, 500px\" \/><\/a><\/p>\n<p>Luiz Eduardo de Oliveira e Silva, irm\u00e3o do ex-ministro Jos\u00e9 Dirceu, foi preso na manh\u00e3 desta sexta-feira (9), em Ribeir\u00e3o Preto (SP), por condena\u00e7\u00e3o em segunda inst\u00e2ncia na Opera\u00e7\u00e3o Lava Jato. Em maio de 2016, Luiz Eduardo foi condenado a oito anos e nove meses de pris\u00e3o em regime fechado por lavagem de dinheiro e organiza\u00e7\u00e3o criminosa.<\/p>\n<p>A pena foi aumentada para 10 anos, seis meses e 23 dias pelo Tribunal Regional Federal da 4\u00aa Regi\u00e3o (TRF-4), em setembro de 2017. Jos\u00e9 Dirceu foi condenado nessa mesma a\u00e7\u00e3o no TRF-4, mas a Corte ainda n\u00e3o avaliou um recurso apresentado pela defesa em 8 de janeiro. A advogada Paula Moreira Indalecio, que representa Luiz Eduardo, disse que pedir\u00e1 \u00e0 Justi\u00e7a que o cliente n\u00e3o seja transferido para Curitiba (PR), mas permane\u00e7a preso em Ribeir\u00e3o, onde a fam\u00edlia mora.<\/p>\n<p>Ainda segundo a PF, o mandado de pris\u00e3o foi cumprido por volta de 6h, na casa onde Luiz Eduardo mora, no bairro Ribeir\u00e2nia. Ele foi levado ao Instituto M\u00e9dico Legal (IML) para exame de corpo de delito e, em seguida, ser\u00e1 transferido ao Centro de Deten\u00e7\u00e3o Provis\u00f3ria (CDP) de Ribeir\u00e3o.<\/p>\n","protected":false},"excerpt":{"rendered":"<p>Luiz Eduardo de Oliveira e Silva, irm\u00e3o do ex-ministro Jos\u00e9 Dirceu, foi preso na manh\u00e3 desta sexta-feira (9), em Ribeir\u00e3o Preto (SP), por condena\u00e7\u00e3o em segunda inst\u00e2ncia na Opera\u00e7\u00e3o Lava Jato. Em maio de 2016, Luiz Eduardo foi condenado a oito anos e nove meses de pris\u00e3o em regime fechado por lavagem de dinheiro e [&hellip;]<\/p>\n","protected":false},"author":2,"featured_media":70387,"comment_status":"open","ping_status":"open","sticky":false,"template":"","format":"standard","meta":{"footnotes":"","_links_to":"","_links_to_target":""},"categories":[1],"tags":[],"class_list":["post-70386","post","type-post","status-publish","format-standard","has-post-thumbnail","hentry","category-geral"],"views":1131,"_links":{"self":[{"href":"https:\/\/www.sudoestehoje.com.br\/novoportal\/wp-json\/wp\/v2\/posts\/70386","targetHints":{"allow":["GET"]}}],"collection":[{"href":"https:\/\/www.sudoestehoje.com.br\/novoportal\/wp-json\/wp\/v2\/posts"}],"about":[{"href":"https:\/\/www.sudoestehoje.com.br\/novoportal\/wp-json\/wp\/v2\/types\/post"}],"author":[{"embeddable":true,"href":"https:\/\/www.sudoestehoje.com.br\/novoportal\/wp-json\/wp\/v2\/users\/2"}],"replies":[{"embeddable":true,"href":"https:\/\/www.sudoestehoje.com.br\/novoportal\/wp-json\/wp\/v2\/comments?post=70386"}],"version-history":[{"count":1,"href":"https:\/\/www.sudoestehoje.com.br\/novoportal\/wp-json\/wp\/v2\/posts\/70386\/revisions"}],"predecessor-version":[{"id":70388,"href":"https:\/\/www.sudoestehoje.com.br\/novoportal\/wp-json\/wp\/v2\/posts\/70386\/revisions\/70388"}],"wp:featuredmedia":[{"embeddable":true,"href":"https:\/\/www.sudoestehoje.com.br\/novoportal\/wp-json\/wp\/v2\/media\/70387"}],"wp:attachment":[{"href":"https:\/\/www.sudoestehoje.com.br\/novoportal\/wp-json\/wp\/v2\/media?parent=70386"}],"wp:term":[{"taxonomy":"category","embeddable":true,"href":"https:\/\/www.sudoestehoje.com.br\/novoportal\/wp-json\/wp\/v2\/categories?post=70386"},{"taxonomy":"post_tag","embeddable":true,"href":"https:\/\/www.sudoestehoje.com.br\/novoportal\/wp-json\/wp\/v2\/tags?post=70386"}],"curies":[{"name":"wp","href":"https:\/\/api.w.org\/{rel}","templated":true}]}}