
{"id":70367,"date":"2018-02-07T21:31:25","date_gmt":"2018-02-08T00:31:25","guid":{"rendered":"http:\/\/www.sudoestehoje.com.br\/novoportal\/?p=70367"},"modified":"2018-02-07T21:31:25","modified_gmt":"2018-02-08T00:31:25","slug":"divulgada-lista-de-convocados-para-concurso-da-educacao-estadual","status":"publish","type":"post","link":"https:\/\/www.sudoestehoje.com.br\/novoportal\/2018\/02\/07\/divulgada-lista-de-convocados-para-concurso-da-educacao-estadual\/","title":{"rendered":"DIVULGADA LISTA DE CONVOCADOS PARA CONCURSO DA EDUCA\u00c7\u00c3O ESTADUAL"},"content":{"rendered":"<p><a href=\"http:\/\/www.sudoestehoje.com.br\/novoportal\/wp-content\/uploads\/2018\/02\/750_concurso-estado-professor-bahia_201827153722841.jpg\"><img loading=\"lazy\" decoding=\"async\" class=\"aligncenter size-medium wp-image-70368\" src=\"http:\/\/www.sudoestehoje.com.br\/novoportal\/wp-content\/uploads\/2018\/02\/750_concurso-estado-professor-bahia_201827153722841-500x327.jpg\" alt=\"\" width=\"500\" height=\"327\" srcset=\"https:\/\/www.sudoestehoje.com.br\/novoportal\/wp-content\/uploads\/2018\/02\/750_concurso-estado-professor-bahia_201827153722841-500x327.jpg 500w, https:\/\/www.sudoestehoje.com.br\/novoportal\/wp-content\/uploads\/2018\/02\/750_concurso-estado-professor-bahia_201827153722841-700x457.jpg 700w, https:\/\/www.sudoestehoje.com.br\/novoportal\/wp-content\/uploads\/2018\/02\/750_concurso-estado-professor-bahia_201827153722841.jpg 750w\" sizes=\"auto, (max-width: 500px) 100vw, 500px\" \/><\/a><\/p>\n<p>O<a href=\"http:\/\/www.concursosfcc.com.br\/concursos\/govba217\/edital_de_convocacao_1a_etapa__e_prova_discursiva_publicacao.pdf\" target=\"_blank\" rel=\"noopener noreferrer\">\u00a0<strong>edital de\u00a0convocados<\/strong><\/a>\u00a0para a realiza\u00e7\u00e3o das\u00a0provas do concurso p\u00fablico da Educa\u00e7\u00e3o Estadual foi divulgado, nesta quarta-feira, 7, no<a href=\"http:\/\/www.concursosfcc.com.br\/index.html\" target=\"_blank\" rel=\"noopener noreferrer\"><strong>\u00a0site da Funda\u00e7\u00e3o Carlos Vagas (FCC)\u00a0<\/strong><\/a>.\u00a0As oportunidades s\u00e3o para os cargos de professor e coordenador pedag\u00f3gico. As provas objetivas e discursivas acontecem no dia 25 deste m\u00eas, a partir das 8h30, em Salvador e outras 26 cidades do estado.\u00a0Ao todo ser\u00e3o oferecidas\u00a03.760 vagas, sendo, 3.096 para professor e outras 664 para coordenador.<\/p>\n<p><strong>Provas<\/strong><\/p>\n<p>As provas ser\u00e3o aplicadas nas cidades de Salvador, Alagoinhas, Amargosa, Barreiras, Bom Jesus da Lapa, Caetit\u00e9, Eun\u00e1polis, Feira de Santana, Ipir\u00e1, Irec\u00ea, Itaberaba, Itabuna, Itapetinga, Jacobina, Juazeiro, Jequi\u00e9, Maca\u00fabas, Paulo Afonso, Ribeira do Pombal, Santa Maria da Vit\u00f3ria, Seabra, Serrinha, Santo Ant\u00f4nio de Jesus, Senhor do Bonfim, Teixeira de Freitas, Valen\u00e7a e Vit\u00f3ria da Conquista.<\/p>\n<p>Os cart\u00f5es informativos devem ser entregues aos candidatos at\u00e9 o terceiro dia que antecede a aplica\u00e7\u00e3o das provas. Caso n\u00e3o recebam, ou tenham d\u00favida sobre o local onde v\u00e3o fazer suas provas, devem entrar em contato com o Servi\u00e7o de Atendimento ao candidato (SAC) da Funda\u00e7\u00e3o Carlos Chagas, pelo telefone (11) 3723-4388 .<\/p>\n<p>O local de realiza\u00e7\u00e3o\u00a0\u00e9 determinado conforme op\u00e7\u00e3o indicada pelo candidato na inscri\u00e7\u00e3o. Segundo a Secretaria de Comunica\u00e7\u00e3o Estadual (Secom), parte dos candidatos de Caetit\u00e9 ter\u00e1 provas realizadas Guanambi, em virtude de aus\u00eancia de locais adequados para realiza\u00e7\u00e3o na cidade onde se inscreveram para fazer o exame. <em>\/\/A Tarde<\/em><\/p>\n","protected":false},"excerpt":{"rendered":"<p>O\u00a0edital de\u00a0convocados\u00a0para a realiza\u00e7\u00e3o das\u00a0provas do concurso p\u00fablico da Educa\u00e7\u00e3o Estadual foi divulgado, nesta quarta-feira, 7, no\u00a0site da Funda\u00e7\u00e3o Carlos Vagas (FCC)\u00a0.\u00a0As oportunidades s\u00e3o para os cargos de professor e coordenador pedag\u00f3gico. As provas objetivas e discursivas acontecem no dia 25 deste m\u00eas, a partir das 8h30, em Salvador e outras 26 cidades do estado.\u00a0Ao [&hellip;]<\/p>\n","protected":false},"author":2,"featured_media":70368,"comment_status":"open","ping_status":"open","sticky":false,"template":"","format":"standard","meta":{"footnotes":"","_links_to":"","_links_to_target":""},"categories":[1],"tags":[],"class_list":["post-70367","post","type-post","status-publish","format-standard","has-post-thumbnail","hentry","category-geral"],"views":1592,"_links":{"self":[{"href":"https:\/\/www.sudoestehoje.com.br\/novoportal\/wp-json\/wp\/v2\/posts\/70367","targetHints":{"allow":["GET"]}}],"collection":[{"href":"https:\/\/www.sudoestehoje.com.br\/novoportal\/wp-json\/wp\/v2\/posts"}],"about":[{"href":"https:\/\/www.sudoestehoje.com.br\/novoportal\/wp-json\/wp\/v2\/types\/post"}],"author":[{"embeddable":true,"href":"https:\/\/www.sudoestehoje.com.br\/novoportal\/wp-json\/wp\/v2\/users\/2"}],"replies":[{"embeddable":true,"href":"https:\/\/www.sudoestehoje.com.br\/novoportal\/wp-json\/wp\/v2\/comments?post=70367"}],"version-history":[{"count":2,"href":"https:\/\/www.sudoestehoje.com.br\/novoportal\/wp-json\/wp\/v2\/posts\/70367\/revisions"}],"predecessor-version":[{"id":70370,"href":"https:\/\/www.sudoestehoje.com.br\/novoportal\/wp-json\/wp\/v2\/posts\/70367\/revisions\/70370"}],"wp:featuredmedia":[{"embeddable":true,"href":"https:\/\/www.sudoestehoje.com.br\/novoportal\/wp-json\/wp\/v2\/media\/70368"}],"wp:attachment":[{"href":"https:\/\/www.sudoestehoje.com.br\/novoportal\/wp-json\/wp\/v2\/media?parent=70367"}],"wp:term":[{"taxonomy":"category","embeddable":true,"href":"https:\/\/www.sudoestehoje.com.br\/novoportal\/wp-json\/wp\/v2\/categories?post=70367"},{"taxonomy":"post_tag","embeddable":true,"href":"https:\/\/www.sudoestehoje.com.br\/novoportal\/wp-json\/wp\/v2\/tags?post=70367"}],"curies":[{"name":"wp","href":"https:\/\/api.w.org\/{rel}","templated":true}]}}