
{"id":70331,"date":"2018-02-05T19:52:18","date_gmt":"2018-02-05T22:52:18","guid":{"rendered":"http:\/\/www.sudoestehoje.com.br\/novoportal\/?p=70331"},"modified":"2018-02-05T19:52:18","modified_gmt":"2018-02-05T22:52:18","slug":"rede-de-farmacias-santana-fecha-53-unidades-em-todo-estado-da-bahia","status":"publish","type":"post","link":"https:\/\/www.sudoestehoje.com.br\/novoportal\/2018\/02\/05\/rede-de-farmacias-santana-fecha-53-unidades-em-todo-estado-da-bahia\/","title":{"rendered":"REDE DE FARM\u00c1CIAS SANT&#8217;ANA FECHA 53 UNIDADES EM TODO ESTADO DA BAHIA"},"content":{"rendered":"<p><a href=\"http:\/\/www.sudoestehoje.com.br\/novoportal\/wp-content\/uploads\/2018\/02\/F.-Santana-Salvador-Shopping.jpg\"><img loading=\"lazy\" decoding=\"async\" class=\"aligncenter size-medium wp-image-70332\" src=\"http:\/\/www.sudoestehoje.com.br\/novoportal\/wp-content\/uploads\/2018\/02\/F.-Santana-Salvador-Shopping-500x375.jpg\" alt=\"\" width=\"500\" height=\"375\" srcset=\"https:\/\/www.sudoestehoje.com.br\/novoportal\/wp-content\/uploads\/2018\/02\/F.-Santana-Salvador-Shopping-500x375.jpg 500w, https:\/\/www.sudoestehoje.com.br\/novoportal\/wp-content\/uploads\/2018\/02\/F.-Santana-Salvador-Shopping-768x576.jpg 768w, https:\/\/www.sudoestehoje.com.br\/novoportal\/wp-content\/uploads\/2018\/02\/F.-Santana-Salvador-Shopping-700x525.jpg 700w, https:\/\/www.sudoestehoje.com.br\/novoportal\/wp-content\/uploads\/2018\/02\/F.-Santana-Salvador-Shopping.jpg 800w\" sizes=\"auto, (max-width: 500px) 100vw, 500px\" \/><\/a><\/p>\n<p>A rede de Farm\u00e1cias Sant\u2019Ana fechou ao menos 53 unidades em todo o Estado da Bahia. A informa\u00e7\u00e3o foi divulgada pelo economista e jornalista Armando Avena, e segundo ele, a recupera\u00e7\u00e3o judicial da empresa, de propriedade do grupo BR Pharma, se deve a uma d\u00edvida de R$ 1,2 bilh\u00f5es com o banco BTG Pactual. S\u00e3o 118 unidades no estado da Bahia, sendo que mais de cem est\u00e3o localizadas em Salvador.<\/p>\n<p>A empresa n\u00e3o detalhou o n\u00famero de profissionais afetados com a medida, nem se eles ser\u00e3o demitidos. Segundo o jornalista, as lojas continuam sem funcionar at\u00e9 que a companhia tenha o seu plano de recupera\u00e7\u00e3o judicial aprovado. Os contratos de loca\u00e7\u00e3o, no entanto, permanecem vigentes.<\/p>\n","protected":false},"excerpt":{"rendered":"<p>A rede de Farm\u00e1cias Sant\u2019Ana fechou ao menos 53 unidades em todo o Estado da Bahia. A informa\u00e7\u00e3o foi divulgada pelo economista e jornalista Armando Avena, e segundo ele, a recupera\u00e7\u00e3o judicial da empresa, de propriedade do grupo BR Pharma, se deve a uma d\u00edvida de R$ 1,2 bilh\u00f5es com o banco BTG Pactual. S\u00e3o [&hellip;]<\/p>\n","protected":false},"author":2,"featured_media":70332,"comment_status":"open","ping_status":"open","sticky":false,"template":"","format":"standard","meta":{"footnotes":"","_links_to":"","_links_to_target":""},"categories":[1],"tags":[],"class_list":["post-70331","post","type-post","status-publish","format-standard","has-post-thumbnail","hentry","category-geral"],"views":1322,"_links":{"self":[{"href":"https:\/\/www.sudoestehoje.com.br\/novoportal\/wp-json\/wp\/v2\/posts\/70331","targetHints":{"allow":["GET"]}}],"collection":[{"href":"https:\/\/www.sudoestehoje.com.br\/novoportal\/wp-json\/wp\/v2\/posts"}],"about":[{"href":"https:\/\/www.sudoestehoje.com.br\/novoportal\/wp-json\/wp\/v2\/types\/post"}],"author":[{"embeddable":true,"href":"https:\/\/www.sudoestehoje.com.br\/novoportal\/wp-json\/wp\/v2\/users\/2"}],"replies":[{"embeddable":true,"href":"https:\/\/www.sudoestehoje.com.br\/novoportal\/wp-json\/wp\/v2\/comments?post=70331"}],"version-history":[{"count":1,"href":"https:\/\/www.sudoestehoje.com.br\/novoportal\/wp-json\/wp\/v2\/posts\/70331\/revisions"}],"predecessor-version":[{"id":70333,"href":"https:\/\/www.sudoestehoje.com.br\/novoportal\/wp-json\/wp\/v2\/posts\/70331\/revisions\/70333"}],"wp:featuredmedia":[{"embeddable":true,"href":"https:\/\/www.sudoestehoje.com.br\/novoportal\/wp-json\/wp\/v2\/media\/70332"}],"wp:attachment":[{"href":"https:\/\/www.sudoestehoje.com.br\/novoportal\/wp-json\/wp\/v2\/media?parent=70331"}],"wp:term":[{"taxonomy":"category","embeddable":true,"href":"https:\/\/www.sudoestehoje.com.br\/novoportal\/wp-json\/wp\/v2\/categories?post=70331"},{"taxonomy":"post_tag","embeddable":true,"href":"https:\/\/www.sudoestehoje.com.br\/novoportal\/wp-json\/wp\/v2\/tags?post=70331"}],"curies":[{"name":"wp","href":"https:\/\/api.w.org\/{rel}","templated":true}]}}