
{"id":70328,"date":"2018-02-05T19:21:44","date_gmt":"2018-02-05T22:21:44","guid":{"rendered":"http:\/\/www.sudoestehoje.com.br\/novoportal\/?p=70328"},"modified":"2018-02-05T19:21:44","modified_gmt":"2018-02-05T22:21:44","slug":"passageiro-morre-dentro-de-aviao-que-partiu-de-porto-seguro-para-sao-paulo","status":"publish","type":"post","link":"https:\/\/www.sudoestehoje.com.br\/novoportal\/2018\/02\/05\/passageiro-morre-dentro-de-aviao-que-partiu-de-porto-seguro-para-sao-paulo\/","title":{"rendered":"PASSAGEIRO MORRE DENTRO DE AVI\u00c3O QUE PARTIU DE PORTO SEGURO PARA S\u00c3O PAULO"},"content":{"rendered":"<p><a href=\"http:\/\/www.sudoestehoje.com.br\/novoportal\/wp-content\/uploads\/2018\/02\/AZUL.jpg\"><img loading=\"lazy\" decoding=\"async\" class=\"aligncenter size-medium wp-image-70329\" src=\"http:\/\/www.sudoestehoje.com.br\/novoportal\/wp-content\/uploads\/2018\/02\/AZUL-500x282.jpg\" alt=\"\" width=\"500\" height=\"282\" srcset=\"https:\/\/www.sudoestehoje.com.br\/novoportal\/wp-content\/uploads\/2018\/02\/AZUL-500x282.jpg 500w, https:\/\/www.sudoestehoje.com.br\/novoportal\/wp-content\/uploads\/2018\/02\/AZUL-700x395.jpg 700w, https:\/\/www.sudoestehoje.com.br\/novoportal\/wp-content\/uploads\/2018\/02\/AZUL.jpg 750w\" sizes=\"auto, (max-width: 500px) 100vw, 500px\" \/><\/a><\/p>\n<p>Um passageiro morreu dentro de uma aeronave que partiu do aeroporto de Porto Seguro, no Sul da Bahia, com destino a Congonhas, em S\u00e3o Paulo. O caso aconteceu neste domingo, 4, durante um voo da empresa Azul.<\/p>\n<p>O homem embarcou no voo AD5322 e passou mal logo em seguida. Ele recebeu os primeiros socorros pelo Servi\u00e7o de Atendimento M\u00f3vel de Urg\u00eancia (Samu), mas n\u00e3o resistiu.<\/p>\n<p>A companhia lamentou o ocorrido e afirmou que est\u00e1 prestando assist\u00eancia aos familiares dos passageiros.<\/p>\n<p>O corpo do homem foi encaminhado ao Departamento de Pol\u00edcia T\u00e9cnica (DPT) de Porto Seguro, onde ser\u00e1 periciado.<\/p>\n","protected":false},"excerpt":{"rendered":"<p>Um passageiro morreu dentro de uma aeronave que partiu do aeroporto de Porto Seguro, no Sul da Bahia, com destino a Congonhas, em S\u00e3o Paulo. O caso aconteceu neste domingo, 4, durante um voo da empresa Azul. O homem embarcou no voo AD5322 e passou mal logo em seguida. Ele recebeu os primeiros socorros pelo [&hellip;]<\/p>\n","protected":false},"author":2,"featured_media":70329,"comment_status":"open","ping_status":"open","sticky":false,"template":"","format":"standard","meta":{"footnotes":"","_links_to":"","_links_to_target":""},"categories":[1],"tags":[],"class_list":["post-70328","post","type-post","status-publish","format-standard","has-post-thumbnail","hentry","category-geral"],"views":3379,"_links":{"self":[{"href":"https:\/\/www.sudoestehoje.com.br\/novoportal\/wp-json\/wp\/v2\/posts\/70328","targetHints":{"allow":["GET"]}}],"collection":[{"href":"https:\/\/www.sudoestehoje.com.br\/novoportal\/wp-json\/wp\/v2\/posts"}],"about":[{"href":"https:\/\/www.sudoestehoje.com.br\/novoportal\/wp-json\/wp\/v2\/types\/post"}],"author":[{"embeddable":true,"href":"https:\/\/www.sudoestehoje.com.br\/novoportal\/wp-json\/wp\/v2\/users\/2"}],"replies":[{"embeddable":true,"href":"https:\/\/www.sudoestehoje.com.br\/novoportal\/wp-json\/wp\/v2\/comments?post=70328"}],"version-history":[{"count":1,"href":"https:\/\/www.sudoestehoje.com.br\/novoportal\/wp-json\/wp\/v2\/posts\/70328\/revisions"}],"predecessor-version":[{"id":70330,"href":"https:\/\/www.sudoestehoje.com.br\/novoportal\/wp-json\/wp\/v2\/posts\/70328\/revisions\/70330"}],"wp:featuredmedia":[{"embeddable":true,"href":"https:\/\/www.sudoestehoje.com.br\/novoportal\/wp-json\/wp\/v2\/media\/70329"}],"wp:attachment":[{"href":"https:\/\/www.sudoestehoje.com.br\/novoportal\/wp-json\/wp\/v2\/media?parent=70328"}],"wp:term":[{"taxonomy":"category","embeddable":true,"href":"https:\/\/www.sudoestehoje.com.br\/novoportal\/wp-json\/wp\/v2\/categories?post=70328"},{"taxonomy":"post_tag","embeddable":true,"href":"https:\/\/www.sudoestehoje.com.br\/novoportal\/wp-json\/wp\/v2\/tags?post=70328"}],"curies":[{"name":"wp","href":"https:\/\/api.w.org\/{rel}","templated":true}]}}