
{"id":70267,"date":"2018-02-04T12:33:13","date_gmt":"2018-02-04T15:33:13","guid":{"rendered":"http:\/\/www.sudoestehoje.com.br\/novoportal\/?p=70267"},"modified":"2018-02-04T12:33:13","modified_gmt":"2018-02-04T15:33:13","slug":"em-disputa-acirrada-acm-neto-lidera-em-salvador-feira-de-santana-e-conquista","status":"publish","type":"post","link":"https:\/\/www.sudoestehoje.com.br\/novoportal\/2018\/02\/04\/em-disputa-acirrada-acm-neto-lidera-em-salvador-feira-de-santana-e-conquista\/","title":{"rendered":"EM DISPUTA ACIRRADA, ACM NETO LIDERA EM SALVADOR, FEIRA DE SANTANA E CONQUISTA"},"content":{"rendered":"<p><a href=\"http:\/\/www.sudoestehoje.com.br\/novoportal\/wp-content\/uploads\/2018\/02\/ACM-Neto-Rui-Costa.jpg\"><img loading=\"lazy\" decoding=\"async\" class=\"aligncenter size-medium wp-image-70273\" src=\"http:\/\/www.sudoestehoje.com.br\/novoportal\/wp-content\/uploads\/2018\/02\/ACM-Neto-Rui-Costa-500x333.jpg\" alt=\"\" width=\"500\" height=\"333\" srcset=\"https:\/\/www.sudoestehoje.com.br\/novoportal\/wp-content\/uploads\/2018\/02\/ACM-Neto-Rui-Costa-500x333.jpg 500w, https:\/\/www.sudoestehoje.com.br\/novoportal\/wp-content\/uploads\/2018\/02\/ACM-Neto-Rui-Costa-768x512.jpg 768w, https:\/\/www.sudoestehoje.com.br\/novoportal\/wp-content\/uploads\/2018\/02\/ACM-Neto-Rui-Costa-700x466.jpg 700w, https:\/\/www.sudoestehoje.com.br\/novoportal\/wp-content\/uploads\/2018\/02\/ACM-Neto-Rui-Costa.jpg 800w\" sizes=\"auto, (max-width: 500px) 100vw, 500px\" \/><\/a><\/p>\n<p>Na coluna Tempo Presente do Jornal A Tarde, edi\u00e7\u00e3o deste domingo (4), com a manchetes <em>\u201cN\u00fameros indicam disputa acirrada entre Rui Costa e ACM Neto nas elei\u00e7\u00f5es 2018\u2033<\/em>constata\u00e7\u00e3o de que o atual prefeito de Salvador, ACM Neto (DEM), considerado o melhor do Brasil, ganharia as elei\u00e7\u00f5es,\u00a0 em um cen\u00e1rio contra o governador da Bahia, Rui Costa (PT).<\/p>\n<p>Sem revelar o instituto de pesquisa, na coluna Tempo Presente, entre os 20 maiores col\u00e9gios eleitorais da Bahia, os partidos da base de Rui Costa (PT) venceram na maioria, 13, e as siglas de oposi\u00e7\u00e3o ao governo, que estariam com ACM Neto ganhariam em 7. Os dados revelam superioridade de ACM Neto que aparece na lideran\u00e7as nos maiores col\u00e9gios eleitorais a exemplo de Salvador, Feira de Santana e Vit\u00f3ria da Conquista.<\/p>\n<p><strong>Pesquisa<\/strong><\/p>\n<p>Na primeira pesquisa eleitoral pela corrida ao governo do estado em 2018, feita pelo Instituto Paran\u00e1 e divulgada pela Record\/TV Itapoan, o prefeito ACM Neto (DEM) aparece na lideran\u00e7a e desbanca o governador Rui Costa (PT).<\/p>\n<p>Em um cen\u00e1rio em que Rui Costa, ACM Neto e Otto Alencar (PSD) se enfrentam, o Neto apareceu com \u00a054,5% das inten\u00e7\u00f5es de voto, enquanto Rui tem 24,1% e Otto Alencar fica em terceiro com 4,7%. Neste cen\u00e1rio, 2,9% votariam em F\u00e1bio Nogueira (PSOL), 4,3% est\u00e3o indecisos e 9,5% n\u00e3o escolheria nenhum dos quatro poss\u00edveis candidatos.<\/p>\n<p><strong>Em campanha<\/strong><\/p>\n<p>Importante real\u00e7ar que o governador Rui Costa (PT) est\u00e1 em campanha desde o ano passado \u2013 ao transformar as inaugura\u00e7\u00f5es das Policl\u00ednicas em verdadeiros showm\u00edcios. Artistas como Luan Santana e Avi\u00f5es do Forr\u00f3 foram contratados.<\/p>\n<p>J\u00e1 o prefeito ACM Neto continua administrando Salvador com presen\u00e7a t\u00edmida em eventos isolados pelo interior da Bahia. Especialistas entendem que quando Neto sair em campanha pelo interior\u00a0 a vantagem ser\u00e1 mais larga.<\/p>\n<p><strong>Leia a not\u00edcia abaixo e confirme os dados da coluna Tempo Presente:<\/strong><!--more--><\/p>\n<p><em>\u00a0(\u2026) O resultado das elei\u00e7\u00f5es municipais de 2016 na Bahia estar\u00e1 se refletindo diretamente nas elei\u00e7\u00f5es deste ano, mostrando um cen\u00e1rio de disputa animada. Entre os 20 maiores col\u00e9gios eleitorais da Bahia, os partidos da base de Rui (PT) venceram na maioria, 13, e as siglas de oposi\u00e7\u00e3o ao governo, do lado de Neto, foram vitoriosos em sete.\u00a0<\/em><\/p>\n<p><em>Contudo, os partidos do lado de Neto venceram nos principais col\u00e9gios eleitorais e administram maior n\u00famero de eleitores. Se n\u00e3o houver debandada, h\u00e1 chances de a elei\u00e7\u00e3o ser disputada de forma acirrada.<\/em><\/p>\n<p><em>Isso, claro, em um cen\u00e1rio no qual o ex-presidente Lula n\u00e3o dispute. O efeito Lula na campanha d\u00e1 vantagem a Rui, na avalia\u00e7\u00e3o de pol\u00edticos ouvidos pela TP. Sem ele, contudo, o panorama \u00e9 diferente.\u00a0\u00a0<\/em><\/p>\n<p><em><strong>N\u00fameros \u2013\u00a0<\/strong>Do lado de Rui: o PT venceu em Lauro de Freitas, que tinha at\u00e9 2017 118.561 eleitores, 8\u00ba maior col\u00e9gio. O PSD, partido que tem mais de 80 prefeituras, conseguiu vencer em seis entre os 20: Ilh\u00e9us (7\u00ba) 135.424 eleitores; Teixeira de Freitas (9\u00ba) 103.123; Porto Seguro (13\u00ba), 87.438; Paulo Afonso (14\u00ba), 79.759; Eun\u00e1polis (15\u00ba), 76.567; e Santo Ant\u00f4nio de Jesus (19\u00ba), 61.187.<\/em><\/p>\n<p><em>O PCdoB venceu em Juazeiro (6\u00ba), com 146.385; o PP elegeu prefeito em Sim\u00f5es Filho (16\u00ba col\u00e9gio eleitoral), 79.514 eleitores, e Candeias (18\u00ba), 61.488; o PDT em Itabuna (5\u00ba), 150.221; o PSB em Jequi\u00e9 (10\u00ba), 109.526, e Guanambi (20\u00ba), 60.408.<\/em><\/p>\n<p><em>J\u00e1 do lado de Neto, o DEM tem Salvador, maior col\u00e9gio eleitoral, com 1.948.154 eleitores (dados antes da biometria),\u00a0 Feira de Santana, segundo maior, com 397.590, Cama\u00e7ari (4\u00ba), com 158.125, Barreiras (11\u00ba), com 94.612, e Alagoinhas (12\u00ba), com 94.177. O MDB tem Vit\u00f3ria da Conquista, terceiro maior col\u00e9gio, com 230.598 eleitores, e\u00a0 Valen\u00e7a (17\u00ba), que conta com 62.262 eleitores.<\/em><\/p>\n","protected":false},"excerpt":{"rendered":"<p>Na coluna Tempo Presente do Jornal A Tarde, edi\u00e7\u00e3o deste domingo (4), com a manchetes \u201cN\u00fameros indicam disputa acirrada entre Rui Costa e ACM Neto nas elei\u00e7\u00f5es 2018\u2033constata\u00e7\u00e3o de que o atual prefeito de Salvador, ACM Neto (DEM), considerado o melhor do Brasil, ganharia as elei\u00e7\u00f5es,\u00a0 em um cen\u00e1rio contra o governador da Bahia, Rui [&hellip;]<\/p>\n","protected":false},"author":2,"featured_media":70273,"comment_status":"open","ping_status":"open","sticky":false,"template":"","format":"standard","meta":{"footnotes":"","_links_to":"","_links_to_target":""},"categories":[1],"tags":[],"class_list":["post-70267","post","type-post","status-publish","format-standard","has-post-thumbnail","hentry","category-geral"],"views":1573,"_links":{"self":[{"href":"https:\/\/www.sudoestehoje.com.br\/novoportal\/wp-json\/wp\/v2\/posts\/70267","targetHints":{"allow":["GET"]}}],"collection":[{"href":"https:\/\/www.sudoestehoje.com.br\/novoportal\/wp-json\/wp\/v2\/posts"}],"about":[{"href":"https:\/\/www.sudoestehoje.com.br\/novoportal\/wp-json\/wp\/v2\/types\/post"}],"author":[{"embeddable":true,"href":"https:\/\/www.sudoestehoje.com.br\/novoportal\/wp-json\/wp\/v2\/users\/2"}],"replies":[{"embeddable":true,"href":"https:\/\/www.sudoestehoje.com.br\/novoportal\/wp-json\/wp\/v2\/comments?post=70267"}],"version-history":[{"count":6,"href":"https:\/\/www.sudoestehoje.com.br\/novoportal\/wp-json\/wp\/v2\/posts\/70267\/revisions"}],"predecessor-version":[{"id":70274,"href":"https:\/\/www.sudoestehoje.com.br\/novoportal\/wp-json\/wp\/v2\/posts\/70267\/revisions\/70274"}],"wp:featuredmedia":[{"embeddable":true,"href":"https:\/\/www.sudoestehoje.com.br\/novoportal\/wp-json\/wp\/v2\/media\/70273"}],"wp:attachment":[{"href":"https:\/\/www.sudoestehoje.com.br\/novoportal\/wp-json\/wp\/v2\/media?parent=70267"}],"wp:term":[{"taxonomy":"category","embeddable":true,"href":"https:\/\/www.sudoestehoje.com.br\/novoportal\/wp-json\/wp\/v2\/categories?post=70267"},{"taxonomy":"post_tag","embeddable":true,"href":"https:\/\/www.sudoestehoje.com.br\/novoportal\/wp-json\/wp\/v2\/tags?post=70267"}],"curies":[{"name":"wp","href":"https:\/\/api.w.org\/{rel}","templated":true}]}}