
{"id":70244,"date":"2018-02-01T09:35:29","date_gmt":"2018-02-01T12:35:29","guid":{"rendered":"http:\/\/www.sudoestehoje.com.br\/novoportal\/?p=70244"},"modified":"2018-02-01T09:35:29","modified_gmt":"2018-02-01T12:35:29","slug":"itapetinga-adriano-diz-que-vai-ficar-de-fora-do-processo-eleitoral-de-2018","status":"publish","type":"post","link":"https:\/\/www.sudoestehoje.com.br\/novoportal\/2018\/02\/01\/itapetinga-adriano-diz-que-vai-ficar-de-fora-do-processo-eleitoral-de-2018\/","title":{"rendered":"ITAPETINGA: ADRIANO DIZ QUE VAI FICAR DE FORA DO PROCESSO ELEITORAL DE 2018"},"content":{"rendered":"<p><a href=\"http:\/\/www.sudoestehoje.com.br\/novoportal\/wp-content\/uploads\/2018\/02\/adr1.jpg\"><img loading=\"lazy\" decoding=\"async\" class=\"aligncenter size-medium wp-image-70245\" src=\"http:\/\/www.sudoestehoje.com.br\/novoportal\/wp-content\/uploads\/2018\/02\/adr1-500x333.jpg\" alt=\"\" width=\"500\" height=\"333\" srcset=\"https:\/\/www.sudoestehoje.com.br\/novoportal\/wp-content\/uploads\/2018\/02\/adr1-500x333.jpg 500w, https:\/\/www.sudoestehoje.com.br\/novoportal\/wp-content\/uploads\/2018\/02\/adr1-768x512.jpg 768w, https:\/\/www.sudoestehoje.com.br\/novoportal\/wp-content\/uploads\/2018\/02\/adr1-700x466.jpg 700w, https:\/\/www.sudoestehoje.com.br\/novoportal\/wp-content\/uploads\/2018\/02\/adr1.jpg 800w\" sizes=\"auto, (max-width: 500px) 100vw, 500px\" \/><\/a><\/p>\n<p>Segundo colocado nas elei\u00e7\u00f5es municipais de 2016, o tucano Adriano Alc\u00e2ntara pode ficar de fora da campanha eleitoral de 2018, para presidente, senador, deputado estadual e deputado federal.<\/p>\n<p>A disposi\u00e7\u00e3o de n\u00e3o participar da campanha deste ano foi revelada pelo pr\u00f3prio Adriano, em conversa com o editor do Sudoeste Hoje, na \u00faltima segunda-feira, na ag\u00eancia local do Banco do Brasil.<\/p>\n<p>Sem demonstrar qualquer motivo aparente ou insatisfa\u00e7\u00e3o com seus companheiros do PSDB, o tucano disse apenas que n\u00e3o est\u00e1 com &#8220;disposi\u00e7\u00e3o para fazer pol\u00edtica neste momento&#8221;, apesar do editor deste blog tentar demov\u00ea-lo da ideia de afastar da pol\u00edtica, por achar de suma import\u00e2ncia a sua participa\u00e7\u00e3o na frente oposicionista que se formar\u00e1 em torno da candidatura de ACM Neto ao governo da Bahia, em Itapetinga e regi\u00e3o.<\/p>\n<p>Sobre o\u00a0 destino do PSDB em Itapetinga, Adriano disse apenas que o partido est\u00e1 sob o comando do Dr. Jivago Queiroz, a quem cabe todas as decis\u00f5es.<\/p>\n<p>Adriano n\u00e3o quis comentar sobre as candidaturas do seu partido a deputado estadual e federal, nem ao senado.<\/p>\n<p><strong><em>Por Davi Ferraz\u00a0<\/em><\/strong><\/p>\n","protected":false},"excerpt":{"rendered":"<p>Segundo colocado nas elei\u00e7\u00f5es municipais de 2016, o tucano Adriano Alc\u00e2ntara pode ficar de fora da campanha eleitoral de 2018, para presidente, senador, deputado estadual e deputado federal. A disposi\u00e7\u00e3o de n\u00e3o participar da campanha deste ano foi revelada pelo pr\u00f3prio Adriano, em conversa com o editor do Sudoeste Hoje, na \u00faltima segunda-feira, na ag\u00eancia [&hellip;]<\/p>\n","protected":false},"author":2,"featured_media":70245,"comment_status":"open","ping_status":"open","sticky":false,"template":"","format":"standard","meta":{"footnotes":"","_links_to":"","_links_to_target":""},"categories":[1],"tags":[],"class_list":["post-70244","post","type-post","status-publish","format-standard","has-post-thumbnail","hentry","category-geral"],"views":1892,"_links":{"self":[{"href":"https:\/\/www.sudoestehoje.com.br\/novoportal\/wp-json\/wp\/v2\/posts\/70244","targetHints":{"allow":["GET"]}}],"collection":[{"href":"https:\/\/www.sudoestehoje.com.br\/novoportal\/wp-json\/wp\/v2\/posts"}],"about":[{"href":"https:\/\/www.sudoestehoje.com.br\/novoportal\/wp-json\/wp\/v2\/types\/post"}],"author":[{"embeddable":true,"href":"https:\/\/www.sudoestehoje.com.br\/novoportal\/wp-json\/wp\/v2\/users\/2"}],"replies":[{"embeddable":true,"href":"https:\/\/www.sudoestehoje.com.br\/novoportal\/wp-json\/wp\/v2\/comments?post=70244"}],"version-history":[{"count":2,"href":"https:\/\/www.sudoestehoje.com.br\/novoportal\/wp-json\/wp\/v2\/posts\/70244\/revisions"}],"predecessor-version":[{"id":70247,"href":"https:\/\/www.sudoestehoje.com.br\/novoportal\/wp-json\/wp\/v2\/posts\/70244\/revisions\/70247"}],"wp:featuredmedia":[{"embeddable":true,"href":"https:\/\/www.sudoestehoje.com.br\/novoportal\/wp-json\/wp\/v2\/media\/70245"}],"wp:attachment":[{"href":"https:\/\/www.sudoestehoje.com.br\/novoportal\/wp-json\/wp\/v2\/media?parent=70244"}],"wp:term":[{"taxonomy":"category","embeddable":true,"href":"https:\/\/www.sudoestehoje.com.br\/novoportal\/wp-json\/wp\/v2\/categories?post=70244"},{"taxonomy":"post_tag","embeddable":true,"href":"https:\/\/www.sudoestehoje.com.br\/novoportal\/wp-json\/wp\/v2\/tags?post=70244"}],"curies":[{"name":"wp","href":"https:\/\/api.w.org\/{rel}","templated":true}]}}