
{"id":70238,"date":"2018-01-31T09:04:23","date_gmt":"2018-01-31T12:04:23","guid":{"rendered":"http:\/\/www.sudoestehoje.com.br\/novoportal\/?p=70238"},"modified":"2018-01-31T09:04:23","modified_gmt":"2018-01-31T12:04:23","slug":"sem-lula-wagner-aparece-com-apenas-2-dos-votos-em-pesquisa-datafolha","status":"publish","type":"post","link":"https:\/\/www.sudoestehoje.com.br\/novoportal\/2018\/01\/31\/sem-lula-wagner-aparece-com-apenas-2-dos-votos-em-pesquisa-datafolha\/","title":{"rendered":"SEM LULA, WAGNER APARECE COM APENAS 2% DOS VOTOS EM PESQUISA DATAFOLHA"},"content":{"rendered":"<p><a href=\"http:\/\/www.sudoestehoje.com.br\/novoportal\/wp-content\/uploads\/2018\/01\/lula-wagner-dilma-ft-manu-dias-gov-bahia.jpg\"><img loading=\"lazy\" decoding=\"async\" class=\"aligncenter size-medium wp-image-70239\" src=\"http:\/\/www.sudoestehoje.com.br\/novoportal\/wp-content\/uploads\/2018\/01\/lula-wagner-dilma-ft-manu-dias-gov-bahia-500x350.jpg\" alt=\"\" width=\"500\" height=\"350\" srcset=\"https:\/\/www.sudoestehoje.com.br\/novoportal\/wp-content\/uploads\/2018\/01\/lula-wagner-dilma-ft-manu-dias-gov-bahia-500x350.jpg 500w, https:\/\/www.sudoestehoje.com.br\/novoportal\/wp-content\/uploads\/2018\/01\/lula-wagner-dilma-ft-manu-dias-gov-bahia.jpg 600w\" sizes=\"auto, (max-width: 500px) 100vw, 500px\" \/><\/a><\/p>\n<p>Em um cen\u00e1rio eleitoral sem o ex-presidente Luiz In\u00e1cio Lula da Silva (PT), o secret\u00e1rio estadual de Desenvolvimento Econ\u00f4mico (SDE) e ex-governador da Bahia, Jaques Wagner (PT), aparece com 2% dos votos na corrida presidencial, segundo a primeira pesquisa do Datafolha divulgada nesta quarta-feira (31).<\/p>\n<p>O ex-chefe do Pal\u00e1cio de Ondina tem sido cotado para substituir Lula, que pode ter a candidatura indeferida depois de o Tribunal Regional Federal da 4\u00aa Regi\u00e3o (TRF-4) manter a decis\u00e3o do juiz federal S\u00e9rgio Moro, respons\u00e1vel pelo processo da Lava Jato na primeira inst\u00e2ncia, e aumentar a pena de nove anos e seis meses para 12 anos e um m\u00eas.<\/p>\n<p>O deputado federal Bolsonaro aparece em primeiro lugar no principal cen\u00e1rio sem Lula, com 18%. Marina Silva lidera o segundo pelot\u00e3o, com 13%. Ciro Gomes (10%), Geraldo Alckmin (8%) e Luciano Huck (8%) est\u00e3o tecnicamente empatados.<\/p>\n<p>O percentual de eleitores que diz n\u00e3o saber em quem votar ou que votaria em branco ou nulo sobe de 16% para 28% quando o ex-presidente n\u00e3o \u00e9 um dos candidatos.<\/p>\n<p>Segundo o Datafolha, se Lula puder disputar a elei\u00e7\u00e3o, o ex-presidente mant\u00e9m vantagem sobre os rivais, com at\u00e9 37% das inten\u00e7\u00f5es de voto.\u00a0No segundo turno, venceria Alckmin (49% a 30%) e Marina (47% a 32%), al\u00e9m de Bolsonaro.<\/p>\n<p>O Datafolha fez 2.826 entrevistas em 174 munic\u00edpios. A margem de erro \u00e9 de dois pontos para mais ou menos. A pesquisa foi registrada no Tribunal Superior Eleitoral (TSE) com o n\u00famero BR 05351\/2018.<\/p>\n","protected":false},"excerpt":{"rendered":"<p>Em um cen\u00e1rio eleitoral sem o ex-presidente Luiz In\u00e1cio Lula da Silva (PT), o secret\u00e1rio estadual de Desenvolvimento Econ\u00f4mico (SDE) e ex-governador da Bahia, Jaques Wagner (PT), aparece com 2% dos votos na corrida presidencial, segundo a primeira pesquisa do Datafolha divulgada nesta quarta-feira (31). O ex-chefe do Pal\u00e1cio de Ondina tem sido cotado para [&hellip;]<\/p>\n","protected":false},"author":2,"featured_media":70239,"comment_status":"open","ping_status":"open","sticky":false,"template":"","format":"standard","meta":{"footnotes":"","_links_to":"","_links_to_target":""},"categories":[1],"tags":[],"class_list":["post-70238","post","type-post","status-publish","format-standard","has-post-thumbnail","hentry","category-geral"],"views":1133,"_links":{"self":[{"href":"https:\/\/www.sudoestehoje.com.br\/novoportal\/wp-json\/wp\/v2\/posts\/70238","targetHints":{"allow":["GET"]}}],"collection":[{"href":"https:\/\/www.sudoestehoje.com.br\/novoportal\/wp-json\/wp\/v2\/posts"}],"about":[{"href":"https:\/\/www.sudoestehoje.com.br\/novoportal\/wp-json\/wp\/v2\/types\/post"}],"author":[{"embeddable":true,"href":"https:\/\/www.sudoestehoje.com.br\/novoportal\/wp-json\/wp\/v2\/users\/2"}],"replies":[{"embeddable":true,"href":"https:\/\/www.sudoestehoje.com.br\/novoportal\/wp-json\/wp\/v2\/comments?post=70238"}],"version-history":[{"count":1,"href":"https:\/\/www.sudoestehoje.com.br\/novoportal\/wp-json\/wp\/v2\/posts\/70238\/revisions"}],"predecessor-version":[{"id":70240,"href":"https:\/\/www.sudoestehoje.com.br\/novoportal\/wp-json\/wp\/v2\/posts\/70238\/revisions\/70240"}],"wp:featuredmedia":[{"embeddable":true,"href":"https:\/\/www.sudoestehoje.com.br\/novoportal\/wp-json\/wp\/v2\/media\/70239"}],"wp:attachment":[{"href":"https:\/\/www.sudoestehoje.com.br\/novoportal\/wp-json\/wp\/v2\/media?parent=70238"}],"wp:term":[{"taxonomy":"category","embeddable":true,"href":"https:\/\/www.sudoestehoje.com.br\/novoportal\/wp-json\/wp\/v2\/categories?post=70238"},{"taxonomy":"post_tag","embeddable":true,"href":"https:\/\/www.sudoestehoje.com.br\/novoportal\/wp-json\/wp\/v2\/tags?post=70238"}],"curies":[{"name":"wp","href":"https:\/\/api.w.org\/{rel}","templated":true}]}}