
{"id":70231,"date":"2018-01-31T08:41:43","date_gmt":"2018-01-31T11:41:43","guid":{"rendered":"http:\/\/www.sudoestehoje.com.br\/novoportal\/?p=70231"},"modified":"2018-01-31T08:41:43","modified_gmt":"2018-01-31T11:41:43","slug":"carro-parte-ao-meio-em-acidente-na-bahia-mae-e-2-filhos-morrem","status":"publish","type":"post","link":"https:\/\/www.sudoestehoje.com.br\/novoportal\/2018\/01\/31\/carro-parte-ao-meio-em-acidente-na-bahia-mae-e-2-filhos-morrem\/","title":{"rendered":"CARRO PARTE AO MEIO EM ACIDENTE NA BAHIA; M\u00c3E E 2 FILHOS MORREM"},"content":{"rendered":"<p><a href=\"http:\/\/www.sudoestehoje.com.br\/novoportal\/wp-content\/uploads\/2018\/01\/acidente-oeste-01.jpg\"><img loading=\"lazy\" decoding=\"async\" class=\"aligncenter size-medium wp-image-70232\" src=\"http:\/\/www.sudoestehoje.com.br\/novoportal\/wp-content\/uploads\/2018\/01\/acidente-oeste-01-500x313.jpg\" alt=\"\" width=\"500\" height=\"313\" srcset=\"https:\/\/www.sudoestehoje.com.br\/novoportal\/wp-content\/uploads\/2018\/01\/acidente-oeste-01-500x313.jpg 500w, https:\/\/www.sudoestehoje.com.br\/novoportal\/wp-content\/uploads\/2018\/01\/acidente-oeste-01-768x481.jpg 768w, https:\/\/www.sudoestehoje.com.br\/novoportal\/wp-content\/uploads\/2018\/01\/acidente-oeste-01-700x438.jpg 700w, https:\/\/www.sudoestehoje.com.br\/novoportal\/wp-content\/uploads\/2018\/01\/acidente-oeste-01.jpg 1008w\" sizes=\"auto, (max-width: 500px) 100vw, 500px\" \/><\/a><\/p>\n<p>Uma mulher de 28 anos, e os dois filhos, de 7 e 11 anos, morreram ap\u00f3s o carro em que estavam sair da pista e bater em uma \u00e1rvore, na BR-020, entre as cidades de S\u00e3o Desid\u00e9rio e S\u00e3o Domingos, no oeste da Bahia.<\/p>\n<p><a href=\"http:\/\/www.sudoestehoje.com.br\/novoportal\/wp-content\/uploads\/2018\/01\/acidente-oeste-07.jpg\"><img loading=\"lazy\" decoding=\"async\" class=\"aligncenter size-medium wp-image-70235\" src=\"http:\/\/www.sudoestehoje.com.br\/novoportal\/wp-content\/uploads\/2018\/01\/acidente-oeste-07-500x313.jpg\" alt=\"\" width=\"500\" height=\"313\" srcset=\"https:\/\/www.sudoestehoje.com.br\/novoportal\/wp-content\/uploads\/2018\/01\/acidente-oeste-07-500x313.jpg 500w, https:\/\/www.sudoestehoje.com.br\/novoportal\/wp-content\/uploads\/2018\/01\/acidente-oeste-07-768x481.jpg 768w, https:\/\/www.sudoestehoje.com.br\/novoportal\/wp-content\/uploads\/2018\/01\/acidente-oeste-07-700x438.jpg 700w, https:\/\/www.sudoestehoje.com.br\/novoportal\/wp-content\/uploads\/2018\/01\/acidente-oeste-07.jpg 1008w\" sizes=\"auto, (max-width: 500px) 100vw, 500px\" \/><\/a><\/p>\n<p>O acidente aconteceu na tarde desta ter\u00e7a-feira (30).\u00a0Com o impacto da colis\u00e3o, o ve\u00edculo partiu ao meio, segundo a Pol\u00edcia Rodovi\u00e1ria Federal (PRF) de Barreiras. A hip\u00f3tese inicial \u00e9 de que o acidente tenha sido provocado por excesso de velocidade.<\/p>\n<p><a href=\"http:\/\/www.sudoestehoje.com.br\/novoportal\/wp-content\/uploads\/2018\/01\/acidente-oeste-03.jpg\"><img loading=\"lazy\" decoding=\"async\" class=\"aligncenter size-medium wp-image-70233\" src=\"http:\/\/www.sudoestehoje.com.br\/novoportal\/wp-content\/uploads\/2018\/01\/acidente-oeste-03-500x313.jpg\" alt=\"\" width=\"500\" height=\"313\" srcset=\"https:\/\/www.sudoestehoje.com.br\/novoportal\/wp-content\/uploads\/2018\/01\/acidente-oeste-03-500x313.jpg 500w, https:\/\/www.sudoestehoje.com.br\/novoportal\/wp-content\/uploads\/2018\/01\/acidente-oeste-03-768x481.jpg 768w, https:\/\/www.sudoestehoje.com.br\/novoportal\/wp-content\/uploads\/2018\/01\/acidente-oeste-03-700x438.jpg 700w, https:\/\/www.sudoestehoje.com.br\/novoportal\/wp-content\/uploads\/2018\/01\/acidente-oeste-03.jpg 1008w\" sizes=\"auto, (max-width: 500px) 100vw, 500px\" \/><\/a><\/p>\n<p>De acordo com a pol\u00edcia, o motorista que dirigia o carro, de 52 anos, \u00e9 pai dos dois meninos e marido da v\u00edtima de 28 anos. Ele ficou preso \u00e0s ferragens e foi socorrido para um hospital de Goi\u00e1s. A PRF informou que o estado de sa\u00fade dele \u00e9 est\u00e1vel.<\/p>\n<p><a href=\"http:\/\/www.sudoestehoje.com.br\/novoportal\/wp-content\/uploads\/2018\/01\/acidente-oeste-04.jpg\"><img loading=\"lazy\" decoding=\"async\" class=\"aligncenter size-medium wp-image-70234\" src=\"http:\/\/www.sudoestehoje.com.br\/novoportal\/wp-content\/uploads\/2018\/01\/acidente-oeste-04-500x313.jpg\" alt=\"\" width=\"500\" height=\"313\" srcset=\"https:\/\/www.sudoestehoje.com.br\/novoportal\/wp-content\/uploads\/2018\/01\/acidente-oeste-04-500x313.jpg 500w, https:\/\/www.sudoestehoje.com.br\/novoportal\/wp-content\/uploads\/2018\/01\/acidente-oeste-04-768x481.jpg 768w, https:\/\/www.sudoestehoje.com.br\/novoportal\/wp-content\/uploads\/2018\/01\/acidente-oeste-04-700x438.jpg 700w, https:\/\/www.sudoestehoje.com.br\/novoportal\/wp-content\/uploads\/2018\/01\/acidente-oeste-04.jpg 1008w\" sizes=\"auto, (max-width: 500px) 100vw, 500px\" \/><\/a><\/p>\n<p>Ainda de acordo com a PRF, a fam\u00edlia voltava do litoral da Bahia para a cidade de Planaltina, no Distrito Federal. N\u00e3o h\u00e1 mais informa\u00e7\u00f5es sobre as circunst\u00e2ncias do acidente e nem sobre a identidade das v\u00edtimas.<\/p>\n","protected":false},"excerpt":{"rendered":"<p>Uma mulher de 28 anos, e os dois filhos, de 7 e 11 anos, morreram ap\u00f3s o carro em que estavam sair da pista e bater em uma \u00e1rvore, na BR-020, entre as cidades de S\u00e3o Desid\u00e9rio e S\u00e3o Domingos, no oeste da Bahia. O acidente aconteceu na tarde desta ter\u00e7a-feira (30).\u00a0Com o impacto da [&hellip;]<\/p>\n","protected":false},"author":2,"featured_media":70232,"comment_status":"open","ping_status":"open","sticky":false,"template":"","format":"standard","meta":{"footnotes":"","_links_to":"","_links_to_target":""},"categories":[1],"tags":[],"class_list":["post-70231","post","type-post","status-publish","format-standard","has-post-thumbnail","hentry","category-geral"],"views":1530,"_links":{"self":[{"href":"https:\/\/www.sudoestehoje.com.br\/novoportal\/wp-json\/wp\/v2\/posts\/70231","targetHints":{"allow":["GET"]}}],"collection":[{"href":"https:\/\/www.sudoestehoje.com.br\/novoportal\/wp-json\/wp\/v2\/posts"}],"about":[{"href":"https:\/\/www.sudoestehoje.com.br\/novoportal\/wp-json\/wp\/v2\/types\/post"}],"author":[{"embeddable":true,"href":"https:\/\/www.sudoestehoje.com.br\/novoportal\/wp-json\/wp\/v2\/users\/2"}],"replies":[{"embeddable":true,"href":"https:\/\/www.sudoestehoje.com.br\/novoportal\/wp-json\/wp\/v2\/comments?post=70231"}],"version-history":[{"count":1,"href":"https:\/\/www.sudoestehoje.com.br\/novoportal\/wp-json\/wp\/v2\/posts\/70231\/revisions"}],"predecessor-version":[{"id":70237,"href":"https:\/\/www.sudoestehoje.com.br\/novoportal\/wp-json\/wp\/v2\/posts\/70231\/revisions\/70237"}],"wp:featuredmedia":[{"embeddable":true,"href":"https:\/\/www.sudoestehoje.com.br\/novoportal\/wp-json\/wp\/v2\/media\/70232"}],"wp:attachment":[{"href":"https:\/\/www.sudoestehoje.com.br\/novoportal\/wp-json\/wp\/v2\/media?parent=70231"}],"wp:term":[{"taxonomy":"category","embeddable":true,"href":"https:\/\/www.sudoestehoje.com.br\/novoportal\/wp-json\/wp\/v2\/categories?post=70231"},{"taxonomy":"post_tag","embeddable":true,"href":"https:\/\/www.sudoestehoje.com.br\/novoportal\/wp-json\/wp\/v2\/tags?post=70231"}],"curies":[{"name":"wp","href":"https:\/\/api.w.org\/{rel}","templated":true}]}}