
{"id":70224,"date":"2018-01-30T19:20:27","date_gmt":"2018-01-30T22:20:27","guid":{"rendered":"http:\/\/www.sudoestehoje.com.br\/novoportal\/?p=70224"},"modified":"2018-01-30T19:20:27","modified_gmt":"2018-01-30T22:20:27","slug":"urgente-stj-nega-habeas-corpus-a-lula","status":"publish","type":"post","link":"https:\/\/www.sudoestehoje.com.br\/novoportal\/2018\/01\/30\/urgente-stj-nega-habeas-corpus-a-lula\/","title":{"rendered":"URGENTE! STJ NEGA HABEAS CORPUS A LULA"},"content":{"rendered":"<p><a href=\"http:\/\/www.sudoestehoje.com.br\/novoportal\/wp-content\/uploads\/2018\/01\/LULA-1.jpg\"><img loading=\"lazy\" decoding=\"async\" class=\"aligncenter size-medium wp-image-70225\" src=\"http:\/\/www.sudoestehoje.com.br\/novoportal\/wp-content\/uploads\/2018\/01\/LULA-1-500x300.jpg\" alt=\"\" width=\"500\" height=\"300\" srcset=\"https:\/\/www.sudoestehoje.com.br\/novoportal\/wp-content\/uploads\/2018\/01\/LULA-1-500x300.jpg 500w, https:\/\/www.sudoestehoje.com.br\/novoportal\/wp-content\/uploads\/2018\/01\/LULA-1.jpg 699w\" sizes=\"auto, (max-width: 500px) 100vw, 500px\" \/><\/a><\/p>\n<p>O ministro Humberto Martins, vice-presidente do Superior Tribunal de Justi\u00e7a (STJ), negou nesta ter\u00e7a-feira habeas corpus ao ex-presidente Luiz In\u00e1cio\u00a0<strong>Lula<\/strong>\u00a0da Silva para evitar que ele seja preso depois que se esgotarem os recursos no Tribunal Regional Federal da 4\u00aa Regi\u00e3o (TRF-4) contra a condena\u00e7\u00e3o por corrup\u00e7\u00e3o passiva e lavagem de dinheiro.<\/p>\n<p>A orienta\u00e7\u00e3o do Supremo Tribunal Federal (STF) \u00e9 de que as penas comecem a ser cumpridas depois de confirmada a condena\u00e7\u00e3o por um tribunal de segunda inst\u00e2ncia, como o TRF-4.<\/p>\n<p>Na decis\u00e3o, o ministro afirmou que o STJ tem entendimento no sentido de que <em>\u201co habeas corpus preventivo tem cabimento quando, de fato, houver amea\u00e7a \u00e0 liberdade de locomo\u00e7\u00e3o, isto \u00e9, sempre que fundado for o receio de o paciente ser preso ilegalmente. E tal receio haver\u00e1 de resultar de amea\u00e7a concreta de iminente pris\u00e3o\u201d<\/em>. Para Martins, n\u00e3o h\u00e1 possibilidade imediata de pris\u00e3o no caso concreto.<\/p>\n<p>A liminar foi negada pelo vice-presidente porque, durante o recesso do tribunal, ele \u00e9 o respons\u00e1vel pelas decis\u00f5es urgentes.<\/p>\n","protected":false},"excerpt":{"rendered":"<p>O ministro Humberto Martins, vice-presidente do Superior Tribunal de Justi\u00e7a (STJ), negou nesta ter\u00e7a-feira habeas corpus ao ex-presidente Luiz In\u00e1cio\u00a0Lula\u00a0da Silva para evitar que ele seja preso depois que se esgotarem os recursos no Tribunal Regional Federal da 4\u00aa Regi\u00e3o (TRF-4) contra a condena\u00e7\u00e3o por corrup\u00e7\u00e3o passiva e lavagem de dinheiro. A orienta\u00e7\u00e3o do Supremo [&hellip;]<\/p>\n","protected":false},"author":2,"featured_media":70225,"comment_status":"open","ping_status":"open","sticky":false,"template":"","format":"standard","meta":{"footnotes":"","_links_to":"","_links_to_target":""},"categories":[1],"tags":[],"class_list":["post-70224","post","type-post","status-publish","format-standard","has-post-thumbnail","hentry","category-geral"],"views":1579,"_links":{"self":[{"href":"https:\/\/www.sudoestehoje.com.br\/novoportal\/wp-json\/wp\/v2\/posts\/70224","targetHints":{"allow":["GET"]}}],"collection":[{"href":"https:\/\/www.sudoestehoje.com.br\/novoportal\/wp-json\/wp\/v2\/posts"}],"about":[{"href":"https:\/\/www.sudoestehoje.com.br\/novoportal\/wp-json\/wp\/v2\/types\/post"}],"author":[{"embeddable":true,"href":"https:\/\/www.sudoestehoje.com.br\/novoportal\/wp-json\/wp\/v2\/users\/2"}],"replies":[{"embeddable":true,"href":"https:\/\/www.sudoestehoje.com.br\/novoportal\/wp-json\/wp\/v2\/comments?post=70224"}],"version-history":[{"count":1,"href":"https:\/\/www.sudoestehoje.com.br\/novoportal\/wp-json\/wp\/v2\/posts\/70224\/revisions"}],"predecessor-version":[{"id":70226,"href":"https:\/\/www.sudoestehoje.com.br\/novoportal\/wp-json\/wp\/v2\/posts\/70224\/revisions\/70226"}],"wp:featuredmedia":[{"embeddable":true,"href":"https:\/\/www.sudoestehoje.com.br\/novoportal\/wp-json\/wp\/v2\/media\/70225"}],"wp:attachment":[{"href":"https:\/\/www.sudoestehoje.com.br\/novoportal\/wp-json\/wp\/v2\/media?parent=70224"}],"wp:term":[{"taxonomy":"category","embeddable":true,"href":"https:\/\/www.sudoestehoje.com.br\/novoportal\/wp-json\/wp\/v2\/categories?post=70224"},{"taxonomy":"post_tag","embeddable":true,"href":"https:\/\/www.sudoestehoje.com.br\/novoportal\/wp-json\/wp\/v2\/tags?post=70224"}],"curies":[{"name":"wp","href":"https:\/\/api.w.org\/{rel}","templated":true}]}}